{"id":3662,"date":"2026-02-27T19:14:49","date_gmt":"2026-02-27T16:14:49","guid":{"rendered":"https:\/\/mttf.md\/?p=3662"},"modified":"2026-02-27T19:14:49","modified_gmt":"2026-02-27T16:14:49","slug":"seminar-dlya-trenerov-po-nastolnomu-tennisu","status":"publish","type":"post","link":"https:\/\/mttf.md\/ro\/seminar-dlya-trenerov-po-nastolnomu-tennisu\/","title":{"rendered":"Seminarul teoretico-practic destinat antrenorilor"},"content":{"rendered":"<p>Federa\u021bia de Tenis de Mas\u0103 din Republica Moldova v\u0103 invit\u0103 s\u0103 participa\u021bi la Seminarul teoretico-practic destinat antrenorilor, care se va desf\u0103\u0219ura \u00een perioada 3\u20135 martie 2026, \u00een mun. B\u0103l\u021bi, la \u0218coala Sportiv\u0103 Specializat\u0103 nr. 1 (str. Mihail Sadoveanu, 54).<br class=\"html-br\" \/><br class=\"html-br\" \/><span class=\"html-span xexx8yu xyri2b x18d9i69 x1c1uobl x1hl2dhg x16tdsg8 x1vvkbs x3nfvp2 x1j61x8r x1fcty0u xdj266r xat24cr xm2jcoa x1mpyi22 xxymvpz xlup9mm x1kky2od\"><img loading=\"lazy\" decoding=\"async\" class=\"xz74otr x15mokao x1ga7v0g x16uus16 xbiv7yw\" src=\"https:\/\/static.xx.fbcdn.net\/images\/emoji.php\/v9\/t5c\/1\/16\/1f5d3.png\" alt=\"\ud83d\uddd3\" width=\"16\" height=\"16\" \/><\/span>\u00a0Perioada: 3\u20135 martie 2026<br class=\"html-br\" \/><span class=\"html-span xexx8yu xyri2b x18d9i69 x1c1uobl x1hl2dhg x16tdsg8 x1vvkbs x3nfvp2 x1j61x8r x1fcty0u xdj266r xat24cr xm2jcoa x1mpyi22 xxymvpz xlup9mm x1kky2od\"><img loading=\"lazy\" decoding=\"async\" class=\"xz74otr x15mokao x1ga7v0g x16uus16 xbiv7yw\" src=\"https:\/\/static.xx.fbcdn.net\/images\/emoji.php\/v9\/t29\/1\/16\/1f551.png\" alt=\"\ud83d\udd51\" width=\"16\" height=\"16\" \/><\/span>\u00a0Ora \u00eenceperii: 14:00<br class=\"html-br\" \/><span class=\"html-span xexx8yu xyri2b x18d9i69 x1c1uobl x1hl2dhg x16tdsg8 x1vvkbs x3nfvp2 x1j61x8r x1fcty0u xdj266r xat24cr xm2jcoa x1mpyi22 xxymvpz xlup9mm x1kky2od\"><img loading=\"lazy\" decoding=\"async\" class=\"xz74otr x15mokao x1ga7v0g x16uus16 xbiv7yw\" src=\"https:\/\/static.xx.fbcdn.net\/images\/emoji.php\/v9\/t2d\/1\/16\/1f4cd.png\" alt=\"\ud83d\udccd\" width=\"16\" height=\"16\" \/><\/span>\u00a0Loca\u021bia: \u0218coala Sportiv\u0103 Specializat\u0103 nr. 1, mun. B\u0103l\u021bi<br class=\"html-br\" \/><br class=\"html-br\" \/>Seminarul va aborda aspecte teoretice \u0219i practice privind:<br class=\"html-br\" \/><span class=\"html-span xexx8yu xyri2b x18d9i69 x1c1uobl x1hl2dhg x16tdsg8 x1vvkbs x3nfvp2 x1j61x8r x1fcty0u xdj266r xat24cr xm2jcoa x1mpyi22 xxymvpz xlup9mm x1kky2od\"><img loading=\"lazy\" decoding=\"async\" class=\"xz74otr x15mokao x1ga7v0g x16uus16 xbiv7yw\" src=\"https:\/\/static.xx.fbcdn.net\/images\/emoji.php\/v9\/t51\/1\/16\/2714.png\" alt=\"\u2714\ufe0f\" width=\"16\" height=\"16\" \/><\/span>\u00a0metodica antrenamentului modern<br class=\"html-br\" \/><span class=\"html-span xexx8yu xyri2b x18d9i69 x1c1uobl x1hl2dhg x16tdsg8 x1vvkbs x3nfvp2 x1j61x8r x1fcty0u xdj266r xat24cr xm2jcoa x1mpyi22 xxymvpz xlup9mm x1kky2od\"><img loading=\"lazy\" decoding=\"async\" class=\"xz74otr x15mokao x1ga7v0g x16uus16 xbiv7yw\" src=\"https:\/\/static.xx.fbcdn.net\/images\/emoji.php\/v9\/t51\/1\/16\/2714.png\" alt=\"\u2714\ufe0f\" width=\"16\" height=\"16\" \/><\/span>\u00a0preg\u0103tirea tehnico-tactic\u0103 a sportivilor<br class=\"html-br\" \/><span class=\"html-span xexx8yu xyri2b x18d9i69 x1c1uobl x1hl2dhg x16tdsg8 x1vvkbs x3nfvp2 x1j61x8r x1fcty0u xdj266r xat24cr xm2jcoa x1mpyi22 xxymvpz xlup9mm x1kky2od\"><img loading=\"lazy\" decoding=\"async\" class=\"xz74otr x15mokao x1ga7v0g x16uus16 xbiv7yw\" src=\"https:\/\/static.xx.fbcdn.net\/images\/emoji.php\/v9\/t51\/1\/16\/2714.png\" alt=\"\u2714\ufe0f\" width=\"16\" height=\"16\" \/><\/span>\u00a0planificarea procesului de instruire<br class=\"html-br\" \/><span class=\"html-span xexx8yu xyri2b x18d9i69 x1c1uobl x1hl2dhg x16tdsg8 x1vvkbs x3nfvp2 x1j61x8r x1fcty0u xdj266r xat24cr xm2jcoa x1mpyi22 xxymvpz xlup9mm x1kky2od\"><img loading=\"lazy\" decoding=\"async\" class=\"xz74otr x15mokao x1ga7v0g x16uus16 xbiv7yw\" src=\"https:\/\/static.xx.fbcdn.net\/images\/emoji.php\/v9\/t51\/1\/16\/2714.png\" alt=\"\u2714\ufe0f\" width=\"16\" height=\"16\" \/><\/span>\u00a0schimb de experien\u021b\u0103 \u00eentre speciali\u0219ti<br class=\"html-br\" \/><br class=\"html-br\" \/>Evenimentul reprezint\u0103 o oportunitate excelent\u0103 de perfec\u021bionare profesional\u0103, actualizare a cuno\u0219tin\u021belor \u0219i consolidare a comunit\u0103\u021bii antrenorilor de tenis de mas\u0103 din \u021bar\u0103.<br class=\"html-br\" \/><br class=\"html-br\" \/>V\u0103 a\u0219tept\u0103m cu drag s\u0103 participa\u021bi activ \u0219i s\u0103 contribui\u021bi la dezvoltarea continu\u0103 a tenisului de mas\u0103 din Republica Moldova!\u00a0<span class=\"html-span xexx8yu xyri2b x18d9i69 x1c1uobl x1hl2dhg x16tdsg8 x1vvkbs x3nfvp2 x1j61x8r x1fcty0u xdj266r xat24cr xm2jcoa x1mpyi22 xxymvpz xlup9mm x1kky2od\"><img loading=\"lazy\" decoding=\"async\" class=\"xz74otr x15mokao x1ga7v0g x16uus16 xbiv7yw\" src=\"https:\/\/static.xx.fbcdn.net\/images\/emoji.php\/v9\/tda\/1\/16\/1f3d3.png\" alt=\"\ud83c\udfd3\" width=\"16\" height=\"16\" \/><\/span><\/p>\n<p><img loading=\"lazy\" decoding=\"async\" class=\"alignleft size-full wp-image-3663\" src=\"https:\/\/mttf.md\/wp-content\/uploads\/2026\/02\/641797201_122161400402878178_6189016476236341990_n.jpg\" alt=\"\" width=\"1024\" height=\"1536\" srcset=\"https:\/\/mttf.md\/wp-content\/uploads\/2026\/02\/641797201_122161400402878178_6189016476236341990_n.jpg 1024w, https:\/\/mttf.md\/wp-content\/uploads\/2026\/02\/641797201_122161400402878178_6189016476236341990_n-200x300.jpg 200w, https:\/\/mttf.md\/wp-content\/uploads\/2026\/02\/641797201_122161400402878178_6189016476236341990_n-683x1024.jpg 683w, https:\/\/mttf.md\/wp-content\/uploads\/2026\/02\/641797201_122161400402878178_6189016476236341990_n-768x1152.jpg 768w, https:\/\/mttf.md\/wp-content\/uploads\/2026\/02\/641797201_122161400402878178_6189016476236341990_n-750x1125.jpg 750w\" sizes=\"auto, (max-width: 1024px) 100vw, 1024px\" \/><\/p>\n<script>function PlayerjsAsync(){} if(window[\"Playerjs\"]){PlayerjsAsync();}<\/script>","protected":false},"excerpt":{"rendered":"<p>Federa\u021bia de Tenis de Mas\u0103 din Republica Moldova v\u0103 invit\u0103 s\u0103 participa\u021bi la Seminarul teoretico-practic destinat antrenorilor, care se va desf\u0103\u0219ura \u00een perioada 3\u20135 martie 2026, \u00een mun. B\u0103l\u021bi, la \u0218coala Sportiv\u0103 Specializat\u0103 nr. 1 (str. Mihail Sadoveanu, 54).\u00a0Perioada: 3\u20135 martie 2026\u00a0Ora \u00eenceperii: 14:00\u00a0Loca\u021bia: \u0218coala Sportiv\u0103 Specializat\u0103 nr. 1, mun. B\u0103l\u021biSeminarul va aborda aspecte teoretice [&hellip;]<\/p>\n","protected":false},"author":1,"featured_media":3663,"comment_status":"closed","ping_status":"closed","sticky":false,"template":"","format":"standard","meta":{"footnotes":""},"categories":[1],"tags":[],"class_list":["post-3662","post","type-post","status-publish","format-standard","has-post-thumbnail","hentry","category-news"],"yoast_head":"<!-- This site is optimized with the Yoast SEO plugin v25.0 - https:\/\/yoast.com\/wordpress\/plugins\/seo\/ -->\n<title>Seminarul teoretico-practic destinat antrenorilor - mttf<\/title>\n<meta name=\"robots\" content=\"index, follow, max-snippet:-1, max-image-preview:large, max-video-preview:-1\" \/>\n<link rel=\"canonical\" href=\"https:\/\/mttf.md\/seminar-dlya-trenerov-po-nastolnomu-tennisu\/\" \/>\n<meta property=\"og:locale\" content=\"ro_RO\" \/>\n<meta property=\"og:type\" content=\"article\" \/>\n<meta property=\"og:title\" content=\"[:ru]\u0421\u0435\u043c\u0438\u043d\u0430\u0440 \u0434\u043b\u044f \u0442\u0440\u0435\u043d\u0435\u0440\u043e\u0432 \u043f\u043e \u043d\u0430\u0441\u0442\u043e\u043b\u044c\u043d\u043e\u043c\u0443 \u0442\u0435\u043d\u043d\u0438\u0441\u0443[:ro]Seminarul teoretico-practic destinat antrenorilor[:] - mttf\" \/>\n<meta property=\"og:description\" content=\"Federa\u021bia de Tenis de Mas\u0103 din Republica Moldova v\u0103 invit\u0103 s\u0103 participa\u021bi la Seminarul teoretico-practic destinat antrenorilor, care se va desf\u0103\u0219ura \u00een perioada 3\u20135 martie 2026, \u00een mun. B\u0103l\u021bi, la \u0218coala Sportiv\u0103 Specializat\u0103 nr. 1 (str. Mihail Sadoveanu, 54).\u00a0Perioada: 3\u20135 martie 2026\u00a0Ora \u00eenceperii: 14:00\u00a0Loca\u021bia: \u0218coala Sportiv\u0103 Specializat\u0103 nr. 1, mun. B\u0103l\u021biSeminarul va aborda aspecte teoretice [&hellip;]\" \/>\n<meta property=\"og:url\" content=\"https:\/\/mttf.md\/seminar-dlya-trenerov-po-nastolnomu-tennisu\/\" \/>\n<meta property=\"og:site_name\" content=\"mttf\" \/>\n<meta property=\"article:published_time\" content=\"2026-02-27T16:14:49+00:00\" \/>\n<meta property=\"og:image\" content=\"https:\/\/mttf.md\/wp-content\/uploads\/2026\/02\/641797201_122161400402878178_6189016476236341990_n.jpg\" \/>\n\t<meta property=\"og:image:width\" content=\"1024\" \/>\n\t<meta property=\"og:image:height\" content=\"1536\" \/>\n\t<meta property=\"og:image:type\" content=\"image\/jpeg\" \/>\n<meta name=\"author\" content=\"tadmin\" \/>\n<meta name=\"twitter:card\" content=\"summary_large_image\" \/>\n<meta name=\"twitter:label1\" content=\"Scris de\" \/>\n\t<meta name=\"twitter:data1\" content=\"tadmin\" \/>\n\t<meta name=\"twitter:label2\" content=\"Timp estimat pentru citire\" \/>\n\t<meta name=\"twitter:data2\" content=\"3 minute\" \/>\n<script type=\"application\/ld+json\" class=\"yoast-schema-graph\">{\"@context\":\"https:\/\/schema.org\",\"@graph\":[{\"@type\":\"Article\",\"@id\":\"https:\/\/mttf.md\/seminar-dlya-trenerov-po-nastolnomu-tennisu\/#article\",\"isPartOf\":{\"@id\":\"https:\/\/mttf.md\/seminar-dlya-trenerov-po-nastolnomu-tennisu\/\"},\"author\":{\"name\":\"tadmin\",\"@id\":\"https:\/\/mttf.md\/#\/schema\/person\/25cef32a675b1b248cc5f0318bd99e41\"},\"headline\":\"Seminarul teoretico-practic destinat antrenorilor\",\"datePublished\":\"2026-02-27T16:14:49+00:00\",\"mainEntityOfPage\":{\"@id\":\"https:\/\/mttf.md\/seminar-dlya-trenerov-po-nastolnomu-tennisu\/\"},\"wordCount\":165,\"publisher\":{\"@id\":\"https:\/\/mttf.md\/#organization\"},\"image\":{\"@id\":\"https:\/\/mttf.md\/seminar-dlya-trenerov-po-nastolnomu-tennisu\/#primaryimage\"},\"thumbnailUrl\":\"https:\/\/mttf.md\/wp-content\/uploads\/2026\/02\/641797201_122161400402878178_6189016476236341990_n.jpg\",\"articleSection\":[\"\u041d\u043e\u0432\u043e\u0441\u0442\u0438\"],\"inLanguage\":\"ro-RO\"},{\"@type\":\"WebPage\",\"@id\":\"https:\/\/mttf.md\/seminar-dlya-trenerov-po-nastolnomu-tennisu\/\",\"url\":\"https:\/\/mttf.md\/seminar-dlya-trenerov-po-nastolnomu-tennisu\/\",\"name\":\"[:ru]\u0421\u0435\u043c\u0438\u043d\u0430\u0440 \u0434\u043b\u044f \u0442\u0440\u0435\u043d\u0435\u0440\u043e\u0432 \u043f\u043e \u043d\u0430\u0441\u0442\u043e\u043b\u044c\u043d\u043e\u043c\u0443 \u0442\u0435\u043d\u043d\u0438\u0441\u0443[:ro]Seminarul teoretico-practic destinat antrenorilor[:] - mttf\",\"isPartOf\":{\"@id\":\"https:\/\/mttf.md\/#website\"},\"primaryImageOfPage\":{\"@id\":\"https:\/\/mttf.md\/seminar-dlya-trenerov-po-nastolnomu-tennisu\/#primaryimage\"},\"image\":{\"@id\":\"https:\/\/mttf.md\/seminar-dlya-trenerov-po-nastolnomu-tennisu\/#primaryimage\"},\"thumbnailUrl\":\"https:\/\/mttf.md\/wp-content\/uploads\/2026\/02\/641797201_122161400402878178_6189016476236341990_n.jpg\",\"datePublished\":\"2026-02-27T16:14:49+00:00\",\"breadcrumb\":{\"@id\":\"https:\/\/mttf.md\/seminar-dlya-trenerov-po-nastolnomu-tennisu\/#breadcrumb\"},\"inLanguage\":\"ro-RO\",\"potentialAction\":[{\"@type\":\"ReadAction\",\"target\":[\"https:\/\/mttf.md\/seminar-dlya-trenerov-po-nastolnomu-tennisu\/\"]}]},{\"@type\":\"ImageObject\",\"inLanguage\":\"ro-RO\",\"@id\":\"https:\/\/mttf.md\/seminar-dlya-trenerov-po-nastolnomu-tennisu\/#primaryimage\",\"url\":\"https:\/\/mttf.md\/wp-content\/uploads\/2026\/02\/641797201_122161400402878178_6189016476236341990_n.jpg\",\"contentUrl\":\"https:\/\/mttf.md\/wp-content\/uploads\/2026\/02\/641797201_122161400402878178_6189016476236341990_n.jpg\",\"width\":1024,\"height\":1536},{\"@type\":\"BreadcrumbList\",\"@id\":\"https:\/\/mttf.md\/seminar-dlya-trenerov-po-nastolnomu-tennisu\/#breadcrumb\",\"itemListElement\":[{\"@type\":\"ListItem\",\"position\":1,\"name\":\"Home\",\"item\":\"https:\/\/mttf.md\/\"},{\"@type\":\"ListItem\",\"position\":2,\"name\":\"\u0421\u0435\u043c\u0438\u043d\u0430\u0440 \u0434\u043b\u044f \u0442\u0440\u0435\u043d\u0435\u0440\u043e\u0432 \u043f\u043e \u043d\u0430\u0441\u0442\u043e\u043b\u044c\u043d\u043e\u043c\u0443 \u0442\u0435\u043d\u043d\u0438\u0441\u0443\"}]},{\"@type\":\"WebSite\",\"@id\":\"https:\/\/mttf.md\/#website\",\"url\":\"https:\/\/mttf.md\/\",\"name\":\"mttf\",\"description\":\"Federa\u021bia de tenis de mas\u0103 din Republica Moldova\",\"publisher\":{\"@id\":\"https:\/\/mttf.md\/#organization\"},\"potentialAction\":[{\"@type\":\"SearchAction\",\"target\":{\"@type\":\"EntryPoint\",\"urlTemplate\":\"https:\/\/mttf.md\/?s={search_term_string}\"},\"query-input\":{\"@type\":\"PropertyValueSpecification\",\"valueRequired\":true,\"valueName\":\"search_term_string\"}}],\"inLanguage\":\"ro-RO\"},{\"@type\":\"Organization\",\"@id\":\"https:\/\/mttf.md\/#organization\",\"name\":\"Federa\u021bia de Tenis de mas\u0103 din Republica Moldova\",\"url\":\"https:\/\/mttf.md\/\",\"logo\":{\"@type\":\"ImageObject\",\"inLanguage\":\"ro-RO\",\"@id\":\"https:\/\/mttf.md\/#\/schema\/logo\/image\/\",\"url\":\"https:\/\/mttf.md\/wp-content\/uploads\/2023\/12\/logo-mttf-1.png\",\"contentUrl\":\"https:\/\/mttf.md\/wp-content\/uploads\/2023\/12\/logo-mttf-1.png\",\"width\":130,\"height\":130,\"caption\":\"Federa\u021bia de Tenis de mas\u0103 din Republica Moldova\"},\"image\":{\"@id\":\"https:\/\/mttf.md\/#\/schema\/logo\/image\/\"}},{\"@type\":\"Person\",\"@id\":\"https:\/\/mttf.md\/#\/schema\/person\/25cef32a675b1b248cc5f0318bd99e41\",\"name\":\"tadmin\",\"image\":{\"@type\":\"ImageObject\",\"inLanguage\":\"ro-RO\",\"@id\":\"https:\/\/mttf.md\/#\/schema\/person\/image\/\",\"url\":\"https:\/\/secure.gravatar.com\/avatar\/2cca022474a7d9126fdd843366ddb5187235e74b54a3b8e95761a9dd50524737?s=96&d=mm&r=g\",\"contentUrl\":\"https:\/\/secure.gravatar.com\/avatar\/2cca022474a7d9126fdd843366ddb5187235e74b54a3b8e95761a9dd50524737?s=96&d=mm&r=g\",\"caption\":\"tadmin\"},\"url\":\"https:\/\/mttf.md\/ro\/author\/alexadmin\/\"}]}<\/script>\n<!-- \/ Yoast SEO plugin. -->","yoast_head_json":{"title":"[:ru]\u0421\u0435\u043c\u0438\u043d\u0430\u0440 \u0434\u043b\u044f \u0442\u0440\u0435\u043d\u0435\u0440\u043e\u0432 \u043f\u043e \u043d\u0430\u0441\u0442\u043e\u043b\u044c\u043d\u043e\u043c\u0443 \u0442\u0435\u043d\u043d\u0438\u0441\u0443[:ro]Seminarul teoretico-practic destinat antrenorilor[:] - mttf","robots":{"index":"index","follow":"follow","max-snippet":"max-snippet:-1","max-image-preview":"max-image-preview:large","max-video-preview":"max-video-preview:-1"},"canonical":"https:\/\/mttf.md\/seminar-dlya-trenerov-po-nastolnomu-tennisu\/","og_locale":"ro_RO","og_type":"article","og_title":"[:ru]\u0421\u0435\u043c\u0438\u043d\u0430\u0440 \u0434\u043b\u044f \u0442\u0440\u0435\u043d\u0435\u0440\u043e\u0432 \u043f\u043e \u043d\u0430\u0441\u0442\u043e\u043b\u044c\u043d\u043e\u043c\u0443 \u0442\u0435\u043d\u043d\u0438\u0441\u0443[:ro]Seminarul teoretico-practic destinat antrenorilor[:] - mttf","og_description":"Federa\u021bia de Tenis de Mas\u0103 din Republica Moldova v\u0103 invit\u0103 s\u0103 participa\u021bi la Seminarul teoretico-practic destinat antrenorilor, care se va desf\u0103\u0219ura \u00een perioada 3\u20135 martie 2026, \u00een mun. B\u0103l\u021bi, la \u0218coala Sportiv\u0103 Specializat\u0103 nr. 1 (str. Mihail Sadoveanu, 54).\u00a0Perioada: 3\u20135 martie 2026\u00a0Ora \u00eenceperii: 14:00\u00a0Loca\u021bia: \u0218coala Sportiv\u0103 Specializat\u0103 nr. 1, mun. B\u0103l\u021biSeminarul va aborda aspecte teoretice [&hellip;]","og_url":"https:\/\/mttf.md\/seminar-dlya-trenerov-po-nastolnomu-tennisu\/","og_site_name":"mttf","article_published_time":"2026-02-27T16:14:49+00:00","og_image":[{"width":1024,"height":1536,"url":"https:\/\/mttf.md\/wp-content\/uploads\/2026\/02\/641797201_122161400402878178_6189016476236341990_n.jpg","type":"image\/jpeg"}],"author":"tadmin","twitter_card":"summary_large_image","twitter_misc":{"Scris de":"tadmin","Timp estimat pentru citire":"3 minute"},"schema":{"@context":"https:\/\/schema.org","@graph":[{"@type":"Article","@id":"https:\/\/mttf.md\/seminar-dlya-trenerov-po-nastolnomu-tennisu\/#article","isPartOf":{"@id":"https:\/\/mttf.md\/seminar-dlya-trenerov-po-nastolnomu-tennisu\/"},"author":{"name":"tadmin","@id":"https:\/\/mttf.md\/#\/schema\/person\/25cef32a675b1b248cc5f0318bd99e41"},"headline":"Seminarul teoretico-practic destinat antrenorilor","datePublished":"2026-02-27T16:14:49+00:00","mainEntityOfPage":{"@id":"https:\/\/mttf.md\/seminar-dlya-trenerov-po-nastolnomu-tennisu\/"},"wordCount":165,"publisher":{"@id":"https:\/\/mttf.md\/#organization"},"image":{"@id":"https:\/\/mttf.md\/seminar-dlya-trenerov-po-nastolnomu-tennisu\/#primaryimage"},"thumbnailUrl":"https:\/\/mttf.md\/wp-content\/uploads\/2026\/02\/641797201_122161400402878178_6189016476236341990_n.jpg","articleSection":["\u041d\u043e\u0432\u043e\u0441\u0442\u0438"],"inLanguage":"ro-RO"},{"@type":"WebPage","@id":"https:\/\/mttf.md\/seminar-dlya-trenerov-po-nastolnomu-tennisu\/","url":"https:\/\/mttf.md\/seminar-dlya-trenerov-po-nastolnomu-tennisu\/","name":"[:ru]\u0421\u0435\u043c\u0438\u043d\u0430\u0440 \u0434\u043b\u044f \u0442\u0440\u0435\u043d\u0435\u0440\u043e\u0432 \u043f\u043e \u043d\u0430\u0441\u0442\u043e\u043b\u044c\u043d\u043e\u043c\u0443 \u0442\u0435\u043d\u043d\u0438\u0441\u0443[:ro]Seminarul teoretico-practic destinat antrenorilor[:] - mttf","isPartOf":{"@id":"https:\/\/mttf.md\/#website"},"primaryImageOfPage":{"@id":"https:\/\/mttf.md\/seminar-dlya-trenerov-po-nastolnomu-tennisu\/#primaryimage"},"image":{"@id":"https:\/\/mttf.md\/seminar-dlya-trenerov-po-nastolnomu-tennisu\/#primaryimage"},"thumbnailUrl":"https:\/\/mttf.md\/wp-content\/uploads\/2026\/02\/641797201_122161400402878178_6189016476236341990_n.jpg","datePublished":"2026-02-27T16:14:49+00:00","breadcrumb":{"@id":"https:\/\/mttf.md\/seminar-dlya-trenerov-po-nastolnomu-tennisu\/#breadcrumb"},"inLanguage":"ro-RO","potentialAction":[{"@type":"ReadAction","target":["https:\/\/mttf.md\/seminar-dlya-trenerov-po-nastolnomu-tennisu\/"]}]},{"@type":"ImageObject","inLanguage":"ro-RO","@id":"https:\/\/mttf.md\/seminar-dlya-trenerov-po-nastolnomu-tennisu\/#primaryimage","url":"https:\/\/mttf.md\/wp-content\/uploads\/2026\/02\/641797201_122161400402878178_6189016476236341990_n.jpg","contentUrl":"https:\/\/mttf.md\/wp-content\/uploads\/2026\/02\/641797201_122161400402878178_6189016476236341990_n.jpg","width":1024,"height":1536},{"@type":"BreadcrumbList","@id":"https:\/\/mttf.md\/seminar-dlya-trenerov-po-nastolnomu-tennisu\/#breadcrumb","itemListElement":[{"@type":"ListItem","position":1,"name":"Home","item":"https:\/\/mttf.md\/"},{"@type":"ListItem","position":2,"name":"\u0421\u0435\u043c\u0438\u043d\u0430\u0440 \u0434\u043b\u044f \u0442\u0440\u0435\u043d\u0435\u0440\u043e\u0432 \u043f\u043e \u043d\u0430\u0441\u0442\u043e\u043b\u044c\u043d\u043e\u043c\u0443 \u0442\u0435\u043d\u043d\u0438\u0441\u0443"}]},{"@type":"WebSite","@id":"https:\/\/mttf.md\/#website","url":"https:\/\/mttf.md\/","name":"mttf","description":"Federa\u021bia de tenis de mas\u0103 din Republica Moldova","publisher":{"@id":"https:\/\/mttf.md\/#organization"},"potentialAction":[{"@type":"SearchAction","target":{"@type":"EntryPoint","urlTemplate":"https:\/\/mttf.md\/?s={search_term_string}"},"query-input":{"@type":"PropertyValueSpecification","valueRequired":true,"valueName":"search_term_string"}}],"inLanguage":"ro-RO"},{"@type":"Organization","@id":"https:\/\/mttf.md\/#organization","name":"Federa\u021bia de Tenis de mas\u0103 din Republica Moldova","url":"https:\/\/mttf.md\/","logo":{"@type":"ImageObject","inLanguage":"ro-RO","@id":"https:\/\/mttf.md\/#\/schema\/logo\/image\/","url":"https:\/\/mttf.md\/wp-content\/uploads\/2023\/12\/logo-mttf-1.png","contentUrl":"https:\/\/mttf.md\/wp-content\/uploads\/2023\/12\/logo-mttf-1.png","width":130,"height":130,"caption":"Federa\u021bia de Tenis de mas\u0103 din Republica Moldova"},"image":{"@id":"https:\/\/mttf.md\/#\/schema\/logo\/image\/"}},{"@type":"Person","@id":"https:\/\/mttf.md\/#\/schema\/person\/25cef32a675b1b248cc5f0318bd99e41","name":"tadmin","image":{"@type":"ImageObject","inLanguage":"ro-RO","@id":"https:\/\/mttf.md\/#\/schema\/person\/image\/","url":"https:\/\/secure.gravatar.com\/avatar\/2cca022474a7d9126fdd843366ddb5187235e74b54a3b8e95761a9dd50524737?s=96&d=mm&r=g","contentUrl":"https:\/\/secure.gravatar.com\/avatar\/2cca022474a7d9126fdd843366ddb5187235e74b54a3b8e95761a9dd50524737?s=96&d=mm&r=g","caption":"tadmin"},"url":"https:\/\/mttf.md\/ro\/author\/alexadmin\/"}]}},"_links":{"self":[{"href":"https:\/\/mttf.md\/ro\/wp-json\/wp\/v2\/posts\/3662","targetHints":{"allow":["GET"]}}],"collection":[{"href":"https:\/\/mttf.md\/ro\/wp-json\/wp\/v2\/posts"}],"about":[{"href":"https:\/\/mttf.md\/ro\/wp-json\/wp\/v2\/types\/post"}],"author":[{"embeddable":true,"href":"https:\/\/mttf.md\/ro\/wp-json\/wp\/v2\/users\/1"}],"replies":[{"embeddable":true,"href":"https:\/\/mttf.md\/ro\/wp-json\/wp\/v2\/comments?post=3662"}],"version-history":[{"count":1,"href":"https:\/\/mttf.md\/ro\/wp-json\/wp\/v2\/posts\/3662\/revisions"}],"predecessor-version":[{"id":3664,"href":"https:\/\/mttf.md\/ro\/wp-json\/wp\/v2\/posts\/3662\/revisions\/3664"}],"wp:featuredmedia":[{"embeddable":true,"href":"https:\/\/mttf.md\/ro\/wp-json\/wp\/v2\/media\/3663"}],"wp:attachment":[{"href":"https:\/\/mttf.md\/ro\/wp-json\/wp\/v2\/media?parent=3662"}],"wp:term":[{"taxonomy":"category","embeddable":true,"href":"https:\/\/mttf.md\/ro\/wp-json\/wp\/v2\/categories?post=3662"},{"taxonomy":"post_tag","embeddable":true,"href":"https:\/\/mttf.md\/ro\/wp-json\/wp\/v2\/tags?post=3662"}],"curies":[{"name":"wp","href":"https:\/\/api.w.org\/{rel}","templated":true}]}}