{"id":3691,"date":"2026-03-02T14:13:16","date_gmt":"2026-03-02T11:13:16","guid":{"rendered":"https:\/\/mttf.md\/?p=3691"},"modified":"2026-03-02T14:13:16","modified_gmt":"2026-03-02T11:13:16","slug":"turnir-po-nastolnomu-tennisu-pamyati-evgeniya-dregulyan","status":"publish","type":"post","link":"https:\/\/mttf.md\/ro\/turnir-po-nastolnomu-tennisu-pamyati-evgeniya-dregulyan\/","title":{"rendered":"Turneul de Tenis de Mas\u0103 \u201eMemorial Eugeniu Dr\u0103gulean\u201d"},"content":{"rendered":"<div class=\"xdj266r x14z9mp xat24cr x1lziwak x1vvkbs x126k92a\">\n<div dir=\"auto\"><span class=\"html-span xexx8yu xyri2b x18d9i69 x1c1uobl x1hl2dhg x16tdsg8 x1vvkbs x3nfvp2 x1j61x8r x1fcty0u xdj266r xat24cr xm2jcoa x1mpyi22 xxymvpz xlup9mm x1kky2od\"><img loading=\"lazy\" decoding=\"async\" class=\"xz74otr x15mokao x1ga7v0g x16uus16 xbiv7yw\" src=\"https:\/\/static.xx.fbcdn.net\/images\/emoji.php\/v9\/tda\/1\/16\/1f3d3.png\" alt=\"\ud83c\udfd3\" width=\"16\" height=\"16\" \/><\/span> Turneul de Tenis de Mas\u0103 \u201eMemorial Eugeniu Dr\u0103gulean\u201d \u2013 28 februarie 2026, Cuhure\u0219tii de Sus <span class=\"html-span xexx8yu xyri2b x18d9i69 x1c1uobl x1hl2dhg x16tdsg8 x1vvkbs x3nfvp2 x1j61x8r x1fcty0u xdj266r xat24cr xm2jcoa x1mpyi22 xxymvpz xlup9mm x1kky2od\"><img loading=\"lazy\" decoding=\"async\" class=\"xz74otr x15mokao x1ga7v0g x16uus16 xbiv7yw\" src=\"https:\/\/static.xx.fbcdn.net\/images\/emoji.php\/v9\/tda\/1\/16\/1f3d3.png\" alt=\"\ud83c\udfd3\" width=\"16\" height=\"16\" \/><\/span><\/div>\n<\/div>\n<div class=\"x14z9mp xat24cr x1lziwak x1vvkbs xtlvy1s x126k92a\">\n<div dir=\"auto\">Pe data de 28 februarie 2026, \u00een localitatea Cuhure\u0219tii de Sus, s-a desf\u0103\u0219urat Turneul de Tenis de Mas\u0103 organizat \u00een memoria lui Eugeniu Dr\u0103gulean.<\/div>\n<\/div>\n<div class=\"x14z9mp xat24cr x1lziwak x1vvkbs xtlvy1s x126k92a\">\n<div dir=\"auto\">Competi\u021bia a demonstrat \u00eenc\u0103 o dat\u0103 c\u0103 tenisul de mas\u0103 une\u0219te comunit\u0103\u021bi \u0219i ofer\u0103 oportunit\u0103\u021bi de implicare \u0219i dezvoltare pentru sportivi din diferite localit\u0103\u021bi. Ne bucur\u0103 faptul c\u0103 tot mai multe ora\u0219e \u0219i sate devin gazde ale turneelor, contribuind la cre\u0219terea num\u0103rului de sportivi \u0219i promovarea acestui sport.<\/div>\n<\/div>\n<div class=\"x14z9mp xat24cr x1lziwak x1vvkbs xtlvy1s x126k92a\">\n<div dir=\"auto\">Federa\u021bia de Tenis de Mas\u0103 din Republica Moldova apreciaz\u0103 aceste ini\u021biative locale \u0219i \u00eencurajeaz\u0103 organizarea competi\u021biilor \u00een c\u00e2t mai multe localit\u0103\u021bi. Felicit\u0103ri organizatorilor \u0219i tuturor participan\u021bilor pentru implicare \u0219i dedicare! <span class=\"html-span xexx8yu xyri2b x18d9i69 x1c1uobl x1hl2dhg x16tdsg8 x1vvkbs x3nfvp2 x1j61x8r x1fcty0u xdj266r xat24cr xm2jcoa x1mpyi22 xxymvpz xlup9mm x1kky2od\"><img loading=\"lazy\" decoding=\"async\" class=\"xz74otr x15mokao x1ga7v0g x16uus16 xbiv7yw\" src=\"https:\/\/static.xx.fbcdn.net\/images\/emoji.php\/v9\/tfe\/1\/16\/1f44f.png\" alt=\"\ud83d\udc4f\" width=\"16\" height=\"16\" \/><\/span><span class=\"html-span xexx8yu xyri2b x18d9i69 x1c1uobl x1hl2dhg x16tdsg8 x1vvkbs x3nfvp2 x1j61x8r x1fcty0u xdj266r xat24cr xm2jcoa x1mpyi22 xxymvpz xlup9mm x1kky2od\"><img loading=\"lazy\" decoding=\"async\" class=\"xz74otr x15mokao x1ga7v0g x16uus16 xbiv7yw\" src=\"https:\/\/static.xx.fbcdn.net\/images\/emoji.php\/v9\/tda\/1\/16\/1f3d3.png\" alt=\"\ud83c\udfd3\" width=\"16\" height=\"16\" \/><\/span><\/div>\n<div dir=\"auto\"><img loading=\"lazy\" decoding=\"async\" class=\"alignleft size-full wp-image-3695\" src=\"https:\/\/mttf.md\/wp-content\/uploads\/2026\/03\/645246452_122161890650878178_3157924754889462436_n.jpg\" alt=\"\" width=\"1100\" height=\"825\" srcset=\"https:\/\/mttf.md\/wp-content\/uploads\/2026\/03\/645246452_122161890650878178_3157924754889462436_n.jpg 1100w, https:\/\/mttf.md\/wp-content\/uploads\/2026\/03\/645246452_122161890650878178_3157924754889462436_n-300x225.jpg 300w, https:\/\/mttf.md\/wp-content\/uploads\/2026\/03\/645246452_122161890650878178_3157924754889462436_n-1024x768.jpg 1024w, https:\/\/mttf.md\/wp-content\/uploads\/2026\/03\/645246452_122161890650878178_3157924754889462436_n-768x576.jpg 768w, https:\/\/mttf.md\/wp-content\/uploads\/2026\/03\/645246452_122161890650878178_3157924754889462436_n-750x563.jpg 750w\" sizes=\"auto, (max-width: 1100px) 100vw, 1100px\" \/> <img loading=\"lazy\" decoding=\"async\" class=\"alignleft size-full wp-image-3694\" src=\"https:\/\/mttf.md\/wp-content\/uploads\/2026\/03\/643967378_122161890494878178_3482904246018676229_n.jpg\" alt=\"\" width=\"1100\" height=\"825\" srcset=\"https:\/\/mttf.md\/wp-content\/uploads\/2026\/03\/643967378_122161890494878178_3482904246018676229_n.jpg 1100w, https:\/\/mttf.md\/wp-content\/uploads\/2026\/03\/643967378_122161890494878178_3482904246018676229_n-300x225.jpg 300w, https:\/\/mttf.md\/wp-content\/uploads\/2026\/03\/643967378_122161890494878178_3482904246018676229_n-1024x768.jpg 1024w, https:\/\/mttf.md\/wp-content\/uploads\/2026\/03\/643967378_122161890494878178_3482904246018676229_n-768x576.jpg 768w, https:\/\/mttf.md\/wp-content\/uploads\/2026\/03\/643967378_122161890494878178_3482904246018676229_n-750x563.jpg 750w\" sizes=\"auto, (max-width: 1100px) 100vw, 1100px\" \/> <img loading=\"lazy\" decoding=\"async\" class=\"alignleft size-full wp-image-3693\" src=\"https:\/\/mttf.md\/wp-content\/uploads\/2026\/03\/643946765_122161890374878178_4577144781208310202_n.jpg\" alt=\"\" width=\"1100\" height=\"1467\" srcset=\"https:\/\/mttf.md\/wp-content\/uploads\/2026\/03\/643946765_122161890374878178_4577144781208310202_n.jpg 1100w, https:\/\/mttf.md\/wp-content\/uploads\/2026\/03\/643946765_122161890374878178_4577144781208310202_n-225x300.jpg 225w, https:\/\/mttf.md\/wp-content\/uploads\/2026\/03\/643946765_122161890374878178_4577144781208310202_n-768x1024.jpg 768w, https:\/\/mttf.md\/wp-content\/uploads\/2026\/03\/643946765_122161890374878178_4577144781208310202_n-750x1000.jpg 750w\" sizes=\"auto, (max-width: 1100px) 100vw, 1100px\" \/> <img loading=\"lazy\" decoding=\"async\" class=\"alignleft size-full wp-image-3692\" src=\"https:\/\/mttf.md\/wp-content\/uploads\/2026\/03\/643919406_122161890536878178_989483227067331974_n.jpg\" alt=\"\" width=\"1100\" height=\"825\" srcset=\"https:\/\/mttf.md\/wp-content\/uploads\/2026\/03\/643919406_122161890536878178_989483227067331974_n.jpg 1100w, https:\/\/mttf.md\/wp-content\/uploads\/2026\/03\/643919406_122161890536878178_989483227067331974_n-300x225.jpg 300w, https:\/\/mttf.md\/wp-content\/uploads\/2026\/03\/643919406_122161890536878178_989483227067331974_n-1024x768.jpg 1024w, https:\/\/mttf.md\/wp-content\/uploads\/2026\/03\/643919406_122161890536878178_989483227067331974_n-768x576.jpg 768w, https:\/\/mttf.md\/wp-content\/uploads\/2026\/03\/643919406_122161890536878178_989483227067331974_n-750x563.jpg 750w\" sizes=\"auto, (max-width: 1100px) 100vw, 1100px\" \/><\/div>\n<\/div>\n<script>function PlayerjsAsync(){} if(window[\"Playerjs\"]){PlayerjsAsync();}<\/script>","protected":false},"excerpt":{"rendered":"<p>Turneul de Tenis de Mas\u0103 \u201eMemorial Eugeniu Dr\u0103gulean\u201d \u2013 28 februarie 2026, Cuhure\u0219tii de Sus Pe data de 28 februarie 2026, \u00een localitatea Cuhure\u0219tii de Sus, s-a desf\u0103\u0219urat Turneul de Tenis de Mas\u0103 organizat \u00een memoria lui Eugeniu Dr\u0103gulean. Competi\u021bia a demonstrat \u00eenc\u0103 o dat\u0103 c\u0103 tenisul de mas\u0103 une\u0219te comunit\u0103\u021bi \u0219i ofer\u0103 oportunit\u0103\u021bi de [&hellip;]<\/p>\n","protected":false},"author":1,"featured_media":3694,"comment_status":"closed","ping_status":"closed","sticky":false,"template":"","format":"standard","meta":{"footnotes":""},"categories":[1],"tags":[],"class_list":["post-3691","post","type-post","status-publish","format-standard","has-post-thumbnail","hentry","category-news"],"yoast_head":"<!-- This site is optimized with the Yoast SEO plugin v25.0 - https:\/\/yoast.com\/wordpress\/plugins\/seo\/ -->\n<title>Turneul de Tenis de Mas\u0103 \u201eMemorial Eugeniu Dr\u0103gulean\u201d - mttf<\/title>\n<meta name=\"robots\" content=\"index, follow, max-snippet:-1, max-image-preview:large, max-video-preview:-1\" \/>\n<link rel=\"canonical\" href=\"https:\/\/mttf.md\/turnir-po-nastolnomu-tennisu-pamyati-evgeniya-dregulyan\/\" \/>\n<meta property=\"og:locale\" content=\"ro_RO\" \/>\n<meta property=\"og:type\" content=\"article\" \/>\n<meta property=\"og:title\" content=\"[:ru]\u0422\u0443\u0440\u043d\u0438\u0440 \u043f\u043e \u043d\u0430\u0441\u0442\u043e\u043b\u044c\u043d\u043e\u043c\u0443 \u0442\u0435\u043d\u043d\u0438\u0441\u0443 &quot;\u041f\u0430\u043c\u044f\u0442\u0438 \u0415\u0432\u0433\u0435\u043d\u0438\u044f \u0414\u0440\u044d\u0433\u0443\u043b\u044f\u043d&quot;[:ro]Turneul de Tenis de Mas\u0103 \u201eMemorial Eugeniu Dr\u0103gulean\u201d[:] - mttf\" \/>\n<meta property=\"og:description\" content=\"Turneul de Tenis de Mas\u0103 \u201eMemorial Eugeniu Dr\u0103gulean\u201d \u2013 28 februarie 2026, Cuhure\u0219tii de Sus Pe data de 28 februarie 2026, \u00een localitatea Cuhure\u0219tii de Sus, s-a desf\u0103\u0219urat Turneul de Tenis de Mas\u0103 organizat \u00een memoria lui Eugeniu Dr\u0103gulean. Competi\u021bia a demonstrat \u00eenc\u0103 o dat\u0103 c\u0103 tenisul de mas\u0103 une\u0219te comunit\u0103\u021bi \u0219i ofer\u0103 oportunit\u0103\u021bi de [&hellip;]\" \/>\n<meta property=\"og:url\" content=\"https:\/\/mttf.md\/turnir-po-nastolnomu-tennisu-pamyati-evgeniya-dregulyan\/\" \/>\n<meta property=\"og:site_name\" content=\"mttf\" \/>\n<meta property=\"article:published_time\" content=\"2026-03-02T11:13:16+00:00\" \/>\n<meta property=\"og:image\" content=\"https:\/\/mttf.md\/wp-content\/uploads\/2026\/03\/643967378_122161890494878178_3482904246018676229_n.jpg\" \/>\n\t<meta property=\"og:image:width\" content=\"1100\" \/>\n\t<meta property=\"og:image:height\" content=\"825\" \/>\n\t<meta property=\"og:image:type\" content=\"image\/jpeg\" \/>\n<meta name=\"author\" content=\"tadmin\" \/>\n<meta name=\"twitter:card\" content=\"summary_large_image\" \/>\n<meta name=\"twitter:label1\" content=\"Scris de\" \/>\n\t<meta name=\"twitter:data1\" content=\"tadmin\" \/>\n\t<meta name=\"twitter:label2\" content=\"Timp estimat pentru citire\" \/>\n\t<meta name=\"twitter:data2\" content=\"3 minute\" \/>\n<script type=\"application\/ld+json\" class=\"yoast-schema-graph\">{\"@context\":\"https:\/\/schema.org\",\"@graph\":[{\"@type\":\"Article\",\"@id\":\"https:\/\/mttf.md\/turnir-po-nastolnomu-tennisu-pamyati-evgeniya-dregulyan\/#article\",\"isPartOf\":{\"@id\":\"https:\/\/mttf.md\/turnir-po-nastolnomu-tennisu-pamyati-evgeniya-dregulyan\/\"},\"author\":{\"name\":\"tadmin\",\"@id\":\"https:\/\/mttf.md\/#\/schema\/person\/25cef32a675b1b248cc5f0318bd99e41\"},\"headline\":\"Turneul de Tenis de Mas\u0103 \u201eMemorial Eugeniu Dr\u0103gulean\u201d\",\"datePublished\":\"2026-03-02T11:13:16+00:00\",\"mainEntityOfPage\":{\"@id\":\"https:\/\/mttf.md\/turnir-po-nastolnomu-tennisu-pamyati-evgeniya-dregulyan\/\"},\"wordCount\":168,\"publisher\":{\"@id\":\"https:\/\/mttf.md\/#organization\"},\"image\":{\"@id\":\"https:\/\/mttf.md\/turnir-po-nastolnomu-tennisu-pamyati-evgeniya-dregulyan\/#primaryimage\"},\"thumbnailUrl\":\"https:\/\/mttf.md\/wp-content\/uploads\/2026\/03\/643967378_122161890494878178_3482904246018676229_n.jpg\",\"articleSection\":[\"\u041d\u043e\u0432\u043e\u0441\u0442\u0438\"],\"inLanguage\":\"ro-RO\"},{\"@type\":\"WebPage\",\"@id\":\"https:\/\/mttf.md\/turnir-po-nastolnomu-tennisu-pamyati-evgeniya-dregulyan\/\",\"url\":\"https:\/\/mttf.md\/turnir-po-nastolnomu-tennisu-pamyati-evgeniya-dregulyan\/\",\"name\":\"[:ru]\u0422\u0443\u0440\u043d\u0438\u0440 \u043f\u043e \u043d\u0430\u0441\u0442\u043e\u043b\u044c\u043d\u043e\u043c\u0443 \u0442\u0435\u043d\u043d\u0438\u0441\u0443 \\\"\u041f\u0430\u043c\u044f\u0442\u0438 \u0415\u0432\u0433\u0435\u043d\u0438\u044f \u0414\u0440\u044d\u0433\u0443\u043b\u044f\u043d\\\"[:ro]Turneul de Tenis de Mas\u0103 \u201eMemorial Eugeniu Dr\u0103gulean\u201d[:] - mttf\",\"isPartOf\":{\"@id\":\"https:\/\/mttf.md\/#website\"},\"primaryImageOfPage\":{\"@id\":\"https:\/\/mttf.md\/turnir-po-nastolnomu-tennisu-pamyati-evgeniya-dregulyan\/#primaryimage\"},\"image\":{\"@id\":\"https:\/\/mttf.md\/turnir-po-nastolnomu-tennisu-pamyati-evgeniya-dregulyan\/#primaryimage\"},\"thumbnailUrl\":\"https:\/\/mttf.md\/wp-content\/uploads\/2026\/03\/643967378_122161890494878178_3482904246018676229_n.jpg\",\"datePublished\":\"2026-03-02T11:13:16+00:00\",\"breadcrumb\":{\"@id\":\"https:\/\/mttf.md\/turnir-po-nastolnomu-tennisu-pamyati-evgeniya-dregulyan\/#breadcrumb\"},\"inLanguage\":\"ro-RO\",\"potentialAction\":[{\"@type\":\"ReadAction\",\"target\":[\"https:\/\/mttf.md\/turnir-po-nastolnomu-tennisu-pamyati-evgeniya-dregulyan\/\"]}]},{\"@type\":\"ImageObject\",\"inLanguage\":\"ro-RO\",\"@id\":\"https:\/\/mttf.md\/turnir-po-nastolnomu-tennisu-pamyati-evgeniya-dregulyan\/#primaryimage\",\"url\":\"https:\/\/mttf.md\/wp-content\/uploads\/2026\/03\/643967378_122161890494878178_3482904246018676229_n.jpg\",\"contentUrl\":\"https:\/\/mttf.md\/wp-content\/uploads\/2026\/03\/643967378_122161890494878178_3482904246018676229_n.jpg\",\"width\":1100,\"height\":825},{\"@type\":\"BreadcrumbList\",\"@id\":\"https:\/\/mttf.md\/turnir-po-nastolnomu-tennisu-pamyati-evgeniya-dregulyan\/#breadcrumb\",\"itemListElement\":[{\"@type\":\"ListItem\",\"position\":1,\"name\":\"Home\",\"item\":\"https:\/\/mttf.md\/\"},{\"@type\":\"ListItem\",\"position\":2,\"name\":\"\u0422\u0443\u0440\u043d\u0438\u0440 \u043f\u043e \u043d\u0430\u0441\u0442\u043e\u043b\u044c\u043d\u043e\u043c\u0443 \u0442\u0435\u043d\u043d\u0438\u0441\u0443 &#171;\u041f\u0430\u043c\u044f\u0442\u0438 \u0415\u0432\u0433\u0435\u043d\u0438\u044f \u0414\u0440\u044d\u0433\u0443\u043b\u044f\u043d&#187;\"}]},{\"@type\":\"WebSite\",\"@id\":\"https:\/\/mttf.md\/#website\",\"url\":\"https:\/\/mttf.md\/\",\"name\":\"mttf\",\"description\":\"Federa\u021bia de tenis de mas\u0103 din Republica Moldova\",\"publisher\":{\"@id\":\"https:\/\/mttf.md\/#organization\"},\"potentialAction\":[{\"@type\":\"SearchAction\",\"target\":{\"@type\":\"EntryPoint\",\"urlTemplate\":\"https:\/\/mttf.md\/?s={search_term_string}\"},\"query-input\":{\"@type\":\"PropertyValueSpecification\",\"valueRequired\":true,\"valueName\":\"search_term_string\"}}],\"inLanguage\":\"ro-RO\"},{\"@type\":\"Organization\",\"@id\":\"https:\/\/mttf.md\/#organization\",\"name\":\"Federa\u021bia de Tenis de mas\u0103 din Republica Moldova\",\"url\":\"https:\/\/mttf.md\/\",\"logo\":{\"@type\":\"ImageObject\",\"inLanguage\":\"ro-RO\",\"@id\":\"https:\/\/mttf.md\/#\/schema\/logo\/image\/\",\"url\":\"https:\/\/mttf.md\/wp-content\/uploads\/2023\/12\/logo-mttf-1.png\",\"contentUrl\":\"https:\/\/mttf.md\/wp-content\/uploads\/2023\/12\/logo-mttf-1.png\",\"width\":130,\"height\":130,\"caption\":\"Federa\u021bia de Tenis de mas\u0103 din Republica Moldova\"},\"image\":{\"@id\":\"https:\/\/mttf.md\/#\/schema\/logo\/image\/\"}},{\"@type\":\"Person\",\"@id\":\"https:\/\/mttf.md\/#\/schema\/person\/25cef32a675b1b248cc5f0318bd99e41\",\"name\":\"tadmin\",\"image\":{\"@type\":\"ImageObject\",\"inLanguage\":\"ro-RO\",\"@id\":\"https:\/\/mttf.md\/#\/schema\/person\/image\/\",\"url\":\"https:\/\/secure.gravatar.com\/avatar\/2cca022474a7d9126fdd843366ddb5187235e74b54a3b8e95761a9dd50524737?s=96&d=mm&r=g\",\"contentUrl\":\"https:\/\/secure.gravatar.com\/avatar\/2cca022474a7d9126fdd843366ddb5187235e74b54a3b8e95761a9dd50524737?s=96&d=mm&r=g\",\"caption\":\"tadmin\"},\"url\":\"https:\/\/mttf.md\/ro\/author\/alexadmin\/\"}]}<\/script>\n<!-- \/ Yoast SEO plugin. -->","yoast_head_json":{"title":"[:ru]\u0422\u0443\u0440\u043d\u0438\u0440 \u043f\u043e \u043d\u0430\u0441\u0442\u043e\u043b\u044c\u043d\u043e\u043c\u0443 \u0442\u0435\u043d\u043d\u0438\u0441\u0443 \"\u041f\u0430\u043c\u044f\u0442\u0438 \u0415\u0432\u0433\u0435\u043d\u0438\u044f \u0414\u0440\u044d\u0433\u0443\u043b\u044f\u043d\"[:ro]Turneul de Tenis de Mas\u0103 \u201eMemorial Eugeniu Dr\u0103gulean\u201d[:] - mttf","robots":{"index":"index","follow":"follow","max-snippet":"max-snippet:-1","max-image-preview":"max-image-preview:large","max-video-preview":"max-video-preview:-1"},"canonical":"https:\/\/mttf.md\/turnir-po-nastolnomu-tennisu-pamyati-evgeniya-dregulyan\/","og_locale":"ro_RO","og_type":"article","og_title":"[:ru]\u0422\u0443\u0440\u043d\u0438\u0440 \u043f\u043e \u043d\u0430\u0441\u0442\u043e\u043b\u044c\u043d\u043e\u043c\u0443 \u0442\u0435\u043d\u043d\u0438\u0441\u0443 \"\u041f\u0430\u043c\u044f\u0442\u0438 \u0415\u0432\u0433\u0435\u043d\u0438\u044f \u0414\u0440\u044d\u0433\u0443\u043b\u044f\u043d\"[:ro]Turneul de Tenis de Mas\u0103 \u201eMemorial Eugeniu Dr\u0103gulean\u201d[:] - mttf","og_description":"Turneul de Tenis de Mas\u0103 \u201eMemorial Eugeniu Dr\u0103gulean\u201d \u2013 28 februarie 2026, Cuhure\u0219tii de Sus Pe data de 28 februarie 2026, \u00een localitatea Cuhure\u0219tii de Sus, s-a desf\u0103\u0219urat Turneul de Tenis de Mas\u0103 organizat \u00een memoria lui Eugeniu Dr\u0103gulean. Competi\u021bia a demonstrat \u00eenc\u0103 o dat\u0103 c\u0103 tenisul de mas\u0103 une\u0219te comunit\u0103\u021bi \u0219i ofer\u0103 oportunit\u0103\u021bi de [&hellip;]","og_url":"https:\/\/mttf.md\/turnir-po-nastolnomu-tennisu-pamyati-evgeniya-dregulyan\/","og_site_name":"mttf","article_published_time":"2026-03-02T11:13:16+00:00","og_image":[{"width":1100,"height":825,"url":"https:\/\/mttf.md\/wp-content\/uploads\/2026\/03\/643967378_122161890494878178_3482904246018676229_n.jpg","type":"image\/jpeg"}],"author":"tadmin","twitter_card":"summary_large_image","twitter_misc":{"Scris de":"tadmin","Timp estimat pentru citire":"3 minute"},"schema":{"@context":"https:\/\/schema.org","@graph":[{"@type":"Article","@id":"https:\/\/mttf.md\/turnir-po-nastolnomu-tennisu-pamyati-evgeniya-dregulyan\/#article","isPartOf":{"@id":"https:\/\/mttf.md\/turnir-po-nastolnomu-tennisu-pamyati-evgeniya-dregulyan\/"},"author":{"name":"tadmin","@id":"https:\/\/mttf.md\/#\/schema\/person\/25cef32a675b1b248cc5f0318bd99e41"},"headline":"Turneul de Tenis de Mas\u0103 \u201eMemorial Eugeniu Dr\u0103gulean\u201d","datePublished":"2026-03-02T11:13:16+00:00","mainEntityOfPage":{"@id":"https:\/\/mttf.md\/turnir-po-nastolnomu-tennisu-pamyati-evgeniya-dregulyan\/"},"wordCount":168,"publisher":{"@id":"https:\/\/mttf.md\/#organization"},"image":{"@id":"https:\/\/mttf.md\/turnir-po-nastolnomu-tennisu-pamyati-evgeniya-dregulyan\/#primaryimage"},"thumbnailUrl":"https:\/\/mttf.md\/wp-content\/uploads\/2026\/03\/643967378_122161890494878178_3482904246018676229_n.jpg","articleSection":["\u041d\u043e\u0432\u043e\u0441\u0442\u0438"],"inLanguage":"ro-RO"},{"@type":"WebPage","@id":"https:\/\/mttf.md\/turnir-po-nastolnomu-tennisu-pamyati-evgeniya-dregulyan\/","url":"https:\/\/mttf.md\/turnir-po-nastolnomu-tennisu-pamyati-evgeniya-dregulyan\/","name":"[:ru]\u0422\u0443\u0440\u043d\u0438\u0440 \u043f\u043e \u043d\u0430\u0441\u0442\u043e\u043b\u044c\u043d\u043e\u043c\u0443 \u0442\u0435\u043d\u043d\u0438\u0441\u0443 \"\u041f\u0430\u043c\u044f\u0442\u0438 \u0415\u0432\u0433\u0435\u043d\u0438\u044f \u0414\u0440\u044d\u0433\u0443\u043b\u044f\u043d\"[:ro]Turneul de Tenis de Mas\u0103 \u201eMemorial Eugeniu Dr\u0103gulean\u201d[:] - mttf","isPartOf":{"@id":"https:\/\/mttf.md\/#website"},"primaryImageOfPage":{"@id":"https:\/\/mttf.md\/turnir-po-nastolnomu-tennisu-pamyati-evgeniya-dregulyan\/#primaryimage"},"image":{"@id":"https:\/\/mttf.md\/turnir-po-nastolnomu-tennisu-pamyati-evgeniya-dregulyan\/#primaryimage"},"thumbnailUrl":"https:\/\/mttf.md\/wp-content\/uploads\/2026\/03\/643967378_122161890494878178_3482904246018676229_n.jpg","datePublished":"2026-03-02T11:13:16+00:00","breadcrumb":{"@id":"https:\/\/mttf.md\/turnir-po-nastolnomu-tennisu-pamyati-evgeniya-dregulyan\/#breadcrumb"},"inLanguage":"ro-RO","potentialAction":[{"@type":"ReadAction","target":["https:\/\/mttf.md\/turnir-po-nastolnomu-tennisu-pamyati-evgeniya-dregulyan\/"]}]},{"@type":"ImageObject","inLanguage":"ro-RO","@id":"https:\/\/mttf.md\/turnir-po-nastolnomu-tennisu-pamyati-evgeniya-dregulyan\/#primaryimage","url":"https:\/\/mttf.md\/wp-content\/uploads\/2026\/03\/643967378_122161890494878178_3482904246018676229_n.jpg","contentUrl":"https:\/\/mttf.md\/wp-content\/uploads\/2026\/03\/643967378_122161890494878178_3482904246018676229_n.jpg","width":1100,"height":825},{"@type":"BreadcrumbList","@id":"https:\/\/mttf.md\/turnir-po-nastolnomu-tennisu-pamyati-evgeniya-dregulyan\/#breadcrumb","itemListElement":[{"@type":"ListItem","position":1,"name":"Home","item":"https:\/\/mttf.md\/"},{"@type":"ListItem","position":2,"name":"\u0422\u0443\u0440\u043d\u0438\u0440 \u043f\u043e \u043d\u0430\u0441\u0442\u043e\u043b\u044c\u043d\u043e\u043c\u0443 \u0442\u0435\u043d\u043d\u0438\u0441\u0443 &#171;\u041f\u0430\u043c\u044f\u0442\u0438 \u0415\u0432\u0433\u0435\u043d\u0438\u044f \u0414\u0440\u044d\u0433\u0443\u043b\u044f\u043d&#187;"}]},{"@type":"WebSite","@id":"https:\/\/mttf.md\/#website","url":"https:\/\/mttf.md\/","name":"mttf","description":"Federa\u021bia de tenis de mas\u0103 din Republica Moldova","publisher":{"@id":"https:\/\/mttf.md\/#organization"},"potentialAction":[{"@type":"SearchAction","target":{"@type":"EntryPoint","urlTemplate":"https:\/\/mttf.md\/?s={search_term_string}"},"query-input":{"@type":"PropertyValueSpecification","valueRequired":true,"valueName":"search_term_string"}}],"inLanguage":"ro-RO"},{"@type":"Organization","@id":"https:\/\/mttf.md\/#organization","name":"Federa\u021bia de Tenis de mas\u0103 din Republica Moldova","url":"https:\/\/mttf.md\/","logo":{"@type":"ImageObject","inLanguage":"ro-RO","@id":"https:\/\/mttf.md\/#\/schema\/logo\/image\/","url":"https:\/\/mttf.md\/wp-content\/uploads\/2023\/12\/logo-mttf-1.png","contentUrl":"https:\/\/mttf.md\/wp-content\/uploads\/2023\/12\/logo-mttf-1.png","width":130,"height":130,"caption":"Federa\u021bia de Tenis de mas\u0103 din Republica Moldova"},"image":{"@id":"https:\/\/mttf.md\/#\/schema\/logo\/image\/"}},{"@type":"Person","@id":"https:\/\/mttf.md\/#\/schema\/person\/25cef32a675b1b248cc5f0318bd99e41","name":"tadmin","image":{"@type":"ImageObject","inLanguage":"ro-RO","@id":"https:\/\/mttf.md\/#\/schema\/person\/image\/","url":"https:\/\/secure.gravatar.com\/avatar\/2cca022474a7d9126fdd843366ddb5187235e74b54a3b8e95761a9dd50524737?s=96&d=mm&r=g","contentUrl":"https:\/\/secure.gravatar.com\/avatar\/2cca022474a7d9126fdd843366ddb5187235e74b54a3b8e95761a9dd50524737?s=96&d=mm&r=g","caption":"tadmin"},"url":"https:\/\/mttf.md\/ro\/author\/alexadmin\/"}]}},"_links":{"self":[{"href":"https:\/\/mttf.md\/ro\/wp-json\/wp\/v2\/posts\/3691","targetHints":{"allow":["GET"]}}],"collection":[{"href":"https:\/\/mttf.md\/ro\/wp-json\/wp\/v2\/posts"}],"about":[{"href":"https:\/\/mttf.md\/ro\/wp-json\/wp\/v2\/types\/post"}],"author":[{"embeddable":true,"href":"https:\/\/mttf.md\/ro\/wp-json\/wp\/v2\/users\/1"}],"replies":[{"embeddable":true,"href":"https:\/\/mttf.md\/ro\/wp-json\/wp\/v2\/comments?post=3691"}],"version-history":[{"count":1,"href":"https:\/\/mttf.md\/ro\/wp-json\/wp\/v2\/posts\/3691\/revisions"}],"predecessor-version":[{"id":3696,"href":"https:\/\/mttf.md\/ro\/wp-json\/wp\/v2\/posts\/3691\/revisions\/3696"}],"wp:featuredmedia":[{"embeddable":true,"href":"https:\/\/mttf.md\/ro\/wp-json\/wp\/v2\/media\/3694"}],"wp:attachment":[{"href":"https:\/\/mttf.md\/ro\/wp-json\/wp\/v2\/media?parent=3691"}],"wp:term":[{"taxonomy":"category","embeddable":true,"href":"https:\/\/mttf.md\/ro\/wp-json\/wp\/v2\/categories?post=3691"},{"taxonomy":"post_tag","embeddable":true,"href":"https:\/\/mttf.md\/ro\/wp-json\/wp\/v2\/tags?post=3691"}],"curies":[{"name":"wp","href":"https:\/\/api.w.org\/{rel}","templated":true}]}}