{"id":4041,"date":"2026-04-29T12:32:28","date_gmt":"2026-04-29T09:32:28","guid":{"rendered":"https:\/\/mttf.md\/?p=4041"},"modified":"2026-04-29T12:32:28","modified_gmt":"2026-04-29T09:32:28","slug":"prekrasnyj-debyut-muzhskoj-sbornoj-respubliki-moldova-na-chempionate-mira-2026-v-londone","status":"publish","type":"post","link":"https:\/\/mttf.md\/ro\/prekrasnyj-debyut-muzhskoj-sbornoj-respubliki-moldova-na-chempionate-mira-2026-v-londone\/","title":{"rendered":"Debut de vis pentru echipa masculin\u0103 a Republicii Moldova la Campionatul Mondial 2026!"},"content":{"rendered":"<p><\/p>\n<div class=\"xdj266r x14z9mp xat24cr x1lziwak x1vvkbs x126k92a\">\n<div dir=\"auto\"><span class=\"html-span xexx8yu xyri2b x18d9i69 x1c1uobl x1hl2dhg x16tdsg8 x1vvkbs x3nfvp2 x1j61x8r x1fcty0u xdj266r xat24cr xm2jcoa x1mpyi22 xxymvpz xlup9mm x1kky2od\"><img loading=\"lazy\" decoding=\"async\" class=\"xz74otr x15mokao x1ga7v0g x16uus16 xbiv7yw\" src=\"https:\/\/static.xx.fbcdn.net\/images\/emoji.php\/v9\/t50\/1\/16\/1f525.png\" alt=\"\ud83d\udd25\" width=\"16\" height=\"16\" \/><\/span> SENZA\u021aIE LA LONDRA! <span class=\"html-span xexx8yu xyri2b x18d9i69 x1c1uobl x1hl2dhg x16tdsg8 x1vvkbs x3nfvp2 x1j61x8r x1fcty0u xdj266r xat24cr xm2jcoa x1mpyi22 xxymvpz xlup9mm x1kky2od\"><img loading=\"lazy\" decoding=\"async\" class=\"xz74otr x15mokao x1ga7v0g x16uus16 xbiv7yw\" src=\"https:\/\/static.xx.fbcdn.net\/images\/emoji.php\/v9\/t50\/1\/16\/1f525.png\" alt=\"\ud83d\udd25\" width=\"16\" height=\"16\" \/><\/span><\/div>\n<\/div>\n<div class=\"x14z9mp xat24cr x1lziwak x1vvkbs xtlvy1s x126k92a\">\n<div dir=\"auto\">Debut de vis pentru echipa masculin\u0103 a Republicii Moldova la Campionatul Mondial 2026! <span class=\"html-span xexx8yu xyri2b x18d9i69 x1c1uobl x1hl2dhg x16tdsg8 x1vvkbs x3nfvp2 x1j61x8r x1fcty0u xdj266r xat24cr xm2jcoa x1mpyi22 xxymvpz xlup9mm x1kky2od\"><img loading=\"lazy\" decoding=\"async\" class=\"xz74otr x15mokao x1ga7v0g x16uus16 xbiv7yw\" src=\"https:\/\/static.xx.fbcdn.net\/images\/emoji.php\/v9\/t6\/1\/16\/1f1f2_1f1e9.png\" alt=\"\ud83c\uddf2\ud83c\udde9\" width=\"16\" height=\"16\" \/><\/span><span class=\"html-span xexx8yu xyri2b x18d9i69 x1c1uobl x1hl2dhg x16tdsg8 x1vvkbs x3nfvp2 x1j61x8r x1fcty0u xdj266r xat24cr xm2jcoa x1mpyi22 xxymvpz xlup9mm x1kky2od\"><img loading=\"lazy\" decoding=\"async\" class=\"xz74otr x15mokao x1ga7v0g x16uus16 xbiv7yw\" src=\"https:\/\/static.xx.fbcdn.net\/images\/emoji.php\/v9\/tda\/1\/16\/1f3d3.png\" alt=\"\ud83c\udfd3\" width=\"16\" height=\"16\" \/><\/span><\/div>\n<\/div>\n<div class=\"x14z9mp xat24cr x1lziwak x1vvkbs xtlvy1s x126k92a\">\n<div dir=\"auto\">Tricolorii no\u0219tri au ob\u021binut o VICTORIE IMPORTANT\u0102 \u00een fa\u021ba selec\u021bionatei din Chile, scor final 3-1, demonstr\u00e2nd \u00eenc\u0103 o dat\u0103 c\u0103 pentru Republica Moldova fiecare punct conteaz\u0103 \u0219i fiecare meci se joac\u0103 cu sufletul! <span class=\"html-span xexx8yu xyri2b x18d9i69 x1c1uobl x1hl2dhg x16tdsg8 x1vvkbs x3nfvp2 x1j61x8r x1fcty0u xdj266r xat24cr xm2jcoa x1mpyi22 xxymvpz xlup9mm x1kky2od\"><img loading=\"lazy\" decoding=\"async\" class=\"xz74otr x15mokao x1ga7v0g x16uus16 xbiv7yw\" src=\"https:\/\/static.xx.fbcdn.net\/images\/emoji.php\/v9\/t6c\/1\/16\/2764.png\" alt=\"\u2764\ufe0f\" width=\"16\" height=\"16\" \/><\/span><span class=\"html-span xexx8yu xyri2b x18d9i69 x1c1uobl x1hl2dhg x16tdsg8 x1vvkbs x3nfvp2 x1j61x8r x1fcty0u xdj266r xat24cr xm2jcoa x1mpyi22 xxymvpz xlup9mm x1kky2od\"><img loading=\"lazy\" decoding=\"async\" class=\"xz74otr x15mokao x1ga7v0g x16uus16 xbiv7yw\" src=\"https:\/\/static.xx.fbcdn.net\/images\/emoji.php\/v9\/t6c\/1\/16\/1f4aa.png\" alt=\"\ud83d\udcaa\" width=\"16\" height=\"16\" \/><\/span><\/div>\n<\/div>\n<div class=\"x14z9mp xat24cr x1lziwak x1vvkbs xtlvy1s x126k92a\">\n<div dir=\"auto\"><span class=\"html-span xexx8yu xyri2b x18d9i69 x1c1uobl x1hl2dhg x16tdsg8 x1vvkbs x3nfvp2 x1j61x8r x1fcty0u xdj266r xat24cr xm2jcoa x1mpyi22 xxymvpz xlup9mm x1kky2od\"><img loading=\"lazy\" decoding=\"async\" class=\"xz74otr x15mokao x1ga7v0g x16uus16 xbiv7yw\" src=\"https:\/\/static.xx.fbcdn.net\/images\/emoji.php\/v9\/taa\/1\/16\/1f4ca.png\" alt=\"\ud83d\udcca\" width=\"16\" height=\"16\" \/><\/span> Rezultatele meciurilor:<\/div>\n<div dir=\"auto\">Andrei Pu\u021buntic\u0103 \u2013 Gomez Gustavo 3-2 (11-3, 8-11, 13-11, 10-12, 12-10)<\/div>\n<div dir=\"auto\">Ursu Vladislav \u2013 Olivares Filipe 3-0 (11-8, 11-7, 11-6)<\/div>\n<div dir=\"auto\">\u021aerna Denis \u2013 Vos Eusebio 2-3 (11-6, 9-11, 12-10, 8-11, 5-11)<\/div>\n<div dir=\"auto\">Ursu Vladislav \u2013 Gomez Gustavo 3-0 (11-9, 11-6, 15-13)<\/div>\n<\/div>\n<div class=\"x14z9mp xat24cr x1lziwak x1vvkbs xtlvy1s x126k92a\">\n<div dir=\"auto\"><span class=\"html-span xexx8yu xyri2b x18d9i69 x1c1uobl x1hl2dhg x16tdsg8 x1vvkbs x3nfvp2 x1j61x8r x1fcty0u xdj266r xat24cr xm2jcoa x1mpyi22 xxymvpz xlup9mm x1kky2od\"><img loading=\"lazy\" decoding=\"async\" class=\"xz74otr x15mokao x1ga7v0g x16uus16 xbiv7yw\" src=\"https:\/\/static.xx.fbcdn.net\/images\/emoji.php\/v9\/tfe\/1\/16\/1f44f.png\" alt=\"\ud83d\udc4f\" width=\"16\" height=\"16\" \/><\/span> Evolu\u021bii curajoase, meciuri tensionate \u0219i o echip\u0103 UNIT\u0102 care lupt\u0103 p\u00e2n\u0103 la ultimul punct!<\/div>\n<\/div>\n<div class=\"x14z9mp xat24cr x1lziwak x1vvkbs xtlvy1s x126k92a\">\n<div dir=\"auto\"><span class=\"html-span xexx8yu xyri2b x18d9i69 x1c1uobl x1hl2dhg x16tdsg8 x1vvkbs x3nfvp2 x1j61x8r x1fcty0u xdj266r xat24cr xm2jcoa x1mpyi22 xxymvpz xlup9mm x1kky2od\"><img loading=\"lazy\" decoding=\"async\" class=\"xz74otr x15mokao x1ga7v0g x16uus16 xbiv7yw\" src=\"https:\/\/static.xx.fbcdn.net\/images\/emoji.php\/v9\/t7e\/1\/16\/1f4c5.png\" alt=\"\ud83d\udcc5\" width=\"16\" height=\"16\" \/><\/span> Urmeaz\u0103 noi provoc\u0103ri:<\/div>\n<div dir=\"auto\"><span class=\"html-span xexx8yu xyri2b x18d9i69 x1c1uobl x1hl2dhg x16tdsg8 x1vvkbs x3nfvp2 x1j61x8r x1fcty0u xdj266r xat24cr xm2jcoa x1mpyi22 xxymvpz xlup9mm x1kky2od\"><img loading=\"lazy\" decoding=\"async\" class=\"xz74otr x15mokao x1ga7v0g x16uus16 xbiv7yw\" src=\"https:\/\/static.xx.fbcdn.net\/images\/emoji.php\/v9\/t9e\/1\/16\/27a1.png\" alt=\"\u27a1\ufe0f\" width=\"16\" height=\"16\" \/><\/span> 29 aprilie \u2013 vs Tahiti (Masa 16)<\/div>\n<div dir=\"auto\"><span class=\"html-span xexx8yu xyri2b x18d9i69 x1c1uobl x1hl2dhg x16tdsg8 x1vvkbs x3nfvp2 x1j61x8r x1fcty0u xdj266r xat24cr xm2jcoa x1mpyi22 xxymvpz xlup9mm x1kky2od\"><img loading=\"lazy\" decoding=\"async\" class=\"xz74otr x15mokao x1ga7v0g x16uus16 xbiv7yw\" src=\"https:\/\/static.xx.fbcdn.net\/images\/emoji.php\/v9\/t9e\/1\/16\/27a1.png\" alt=\"\u27a1\ufe0f\" width=\"16\" height=\"16\" \/><\/span> 30 aprilie \u2013 vs Polonia (Masa 15)<\/div>\n<div dir=\"auto\"><span class=\"html-span xexx8yu xyri2b x18d9i69 x1c1uobl x1hl2dhg x16tdsg8 x1vvkbs x3nfvp2 x1j61x8r x1fcty0u xdj266r xat24cr xm2jcoa x1mpyi22 xxymvpz xlup9mm x1kky2od\"><img loading=\"lazy\" decoding=\"async\" class=\"xz74otr x15mokao x1ga7v0g x16uus16 xbiv7yw\" src=\"https:\/\/static.xx.fbcdn.net\/images\/emoji.php\/v9\/tb0\/1\/16\/1f558.png\" alt=\"\ud83d\udd58\" width=\"16\" height=\"16\" \/><\/span> Ora: 21:30 (ora Chi\u0219in\u0103ului)<\/div>\n<\/div>\n<div class=\"x14z9mp xat24cr x1lziwak x1vvkbs xtlvy1s x126k92a\">\n<div dir=\"auto\"><span class=\"html-span xexx8yu xyri2b x18d9i69 x1c1uobl x1hl2dhg x16tdsg8 x1vvkbs x3nfvp2 x1j61x8r x1fcty0u xdj266r xat24cr xm2jcoa x1mpyi22 xxymvpz xlup9mm x1kky2od\"><img loading=\"lazy\" decoding=\"async\" class=\"xz74otr x15mokao x1ga7v0g x16uus16 xbiv7yw\" src=\"https:\/\/static.xx.fbcdn.net\/images\/emoji.php\/v9\/t87\/1\/16\/1f4fa.png\" alt=\"\ud83d\udcfa\" width=\"16\" height=\"16\" \/><\/span> Meciurile pot fi urm\u0103rite LIVE pe canalul de YouTube WTT: <span class=\"html-span xdj266r x14z9mp xat24cr x1lziwak xexx8yu xyri2b x18d9i69 x1c1uobl x1hl2dhg x16tdsg8 x1vvkbs\"><a class=\"x1i10hfl xjbqb8w x1ejq31n x18oe1m7 x1sy0etr xstzfhl x972fbf x10w94by x1qhh985 x14e42zd x9f619 x1ypdohk xt0psk2 x3ct3a4 xdj266r x14z9mp xat24cr x1lziwak xexx8yu xyri2b x18d9i69 x1c1uobl x16tdsg8 x1hl2dhg xggy1nq x1a2a7pz xkrqix3 x1sur9pj x1fey0fg x1s688f\" tabindex=\"0\" role=\"link\" href=\"https:\/\/l.facebook.com\/l.php?u=https%3A%2F%2Fshorturl.at%2FbWjCA%3Ffbclid%3DIwZXh0bgNhZW0CMTAAYnJpZBExczNpSnFaNG1rTDZ4UmNPM3NydGMGYXBwX2lkEDIyMjAzOTE3ODgyMDA4OTIAAR7DEGqgw3v5CPgzhI9VN2k6F6ta7hNsw8_kBkfWAa8roNBS8Gff5qQGjAM1cA_aem_ZmFrZWR1bW15MTZieXRlcw&amp;h=AT5Z-xaaNlXOm9zdFsh27HW-68VTGcr1ZegmF3toKEUzMgLlZE4u-9njEf76XVsyjagYJJiYMF3oVv8DAjM_88AhS4IR14MVpqIEWpSkJU6r2nTLhIgIRTU-A8dv598f97jvjJohxhlZ5E6KdA&amp;__tn__=-UK-R&amp;c[0]=AT6M07mDIKkwbBkxSyC-SSN4djZHplhAN0JZCWqez1qbpLE3hQDa4h35o86WmbJXLLSC12pSlxHI_C4C-WbpuTeRMGmMQ0G7H9EcjnWgkaq3e4eGYXSxJnEGlyde5aKz7oqOyn4sekIne6NURAHEvsKFs9q4w3Gyxo5PU0zT1l4\" target=\"_blank\" rel=\"nofollow noopener noreferrer\">https:\/\/shorturl.at\/bWjCA<\/a><\/span><\/div>\n<\/div>\n<div class=\"x14z9mp xat24cr x1lziwak x1vvkbs xtlvy1s x126k92a\">\n<div dir=\"auto\">Hai, Moldova! Suntem al\u0103turi de voi!<\/div>\n<div dir=\"auto\"><img loading=\"lazy\" decoding=\"async\" class=\"alignleft size-full wp-image-4049\" src=\"https:\/\/mttf.md\/wp-content\/uploads\/2026\/04\/684218051_122169464054878178_8191893312880069793_n.jpg\" alt=\"\" width=\"1920\" height=\"1280\" srcset=\"https:\/\/mttf.md\/wp-content\/uploads\/2026\/04\/684218051_122169464054878178_8191893312880069793_n.jpg 1920w, https:\/\/mttf.md\/wp-content\/uploads\/2026\/04\/684218051_122169464054878178_8191893312880069793_n-300x200.jpg 300w, https:\/\/mttf.md\/wp-content\/uploads\/2026\/04\/684218051_122169464054878178_8191893312880069793_n-1024x683.jpg 1024w, https:\/\/mttf.md\/wp-content\/uploads\/2026\/04\/684218051_122169464054878178_8191893312880069793_n-768x512.jpg 768w, https:\/\/mttf.md\/wp-content\/uploads\/2026\/04\/684218051_122169464054878178_8191893312880069793_n-1536x1024.jpg 1536w, https:\/\/mttf.md\/wp-content\/uploads\/2026\/04\/684218051_122169464054878178_8191893312880069793_n-750x500.jpg 750w, https:\/\/mttf.md\/wp-content\/uploads\/2026\/04\/684218051_122169464054878178_8191893312880069793_n-1140x760.jpg 1140w\" sizes=\"auto, (max-width: 1920px) 100vw, 1920px\" \/> <img loading=\"lazy\" decoding=\"async\" class=\"alignleft size-full wp-image-4048\" src=\"https:\/\/mttf.md\/wp-content\/uploads\/2026\/04\/684152693_122169464042878178_1384653472416606323_n.jpg\" alt=\"\" width=\"1920\" height=\"1280\" srcset=\"https:\/\/mttf.md\/wp-content\/uploads\/2026\/04\/684152693_122169464042878178_1384653472416606323_n.jpg 1920w, https:\/\/mttf.md\/wp-content\/uploads\/2026\/04\/684152693_122169464042878178_1384653472416606323_n-300x200.jpg 300w, https:\/\/mttf.md\/wp-content\/uploads\/2026\/04\/684152693_122169464042878178_1384653472416606323_n-1024x683.jpg 1024w, https:\/\/mttf.md\/wp-content\/uploads\/2026\/04\/684152693_122169464042878178_1384653472416606323_n-768x512.jpg 768w, https:\/\/mttf.md\/wp-content\/uploads\/2026\/04\/684152693_122169464042878178_1384653472416606323_n-1536x1024.jpg 1536w, https:\/\/mttf.md\/wp-content\/uploads\/2026\/04\/684152693_122169464042878178_1384653472416606323_n-750x500.jpg 750w, https:\/\/mttf.md\/wp-content\/uploads\/2026\/04\/684152693_122169464042878178_1384653472416606323_n-1140x760.jpg 1140w\" sizes=\"auto, (max-width: 1920px) 100vw, 1920px\" \/> <img loading=\"lazy\" decoding=\"async\" class=\"alignleft size-full wp-image-4047\" src=\"https:\/\/mttf.md\/wp-content\/uploads\/2026\/04\/684152687_122169463946878178_3578290682455039069_n.jpg\" alt=\"\" width=\"1920\" height=\"1280\" srcset=\"https:\/\/mttf.md\/wp-content\/uploads\/2026\/04\/684152687_122169463946878178_3578290682455039069_n.jpg 1920w, https:\/\/mttf.md\/wp-content\/uploads\/2026\/04\/684152687_122169463946878178_3578290682455039069_n-300x200.jpg 300w, https:\/\/mttf.md\/wp-content\/uploads\/2026\/04\/684152687_122169463946878178_3578290682455039069_n-1024x683.jpg 1024w, https:\/\/mttf.md\/wp-content\/uploads\/2026\/04\/684152687_122169463946878178_3578290682455039069_n-768x512.jpg 768w, https:\/\/mttf.md\/wp-content\/uploads\/2026\/04\/684152687_122169463946878178_3578290682455039069_n-1536x1024.jpg 1536w, https:\/\/mttf.md\/wp-content\/uploads\/2026\/04\/684152687_122169463946878178_3578290682455039069_n-750x500.jpg 750w, https:\/\/mttf.md\/wp-content\/uploads\/2026\/04\/684152687_122169463946878178_3578290682455039069_n-1140x760.jpg 1140w\" sizes=\"auto, (max-width: 1920px) 100vw, 1920px\" \/> <img loading=\"lazy\" decoding=\"async\" class=\"alignleft size-full wp-image-4045\" src=\"https:\/\/mttf.md\/wp-content\/uploads\/2026\/04\/684068060_122169463916878178_7610367371557423691_n.jpg\" alt=\"\" width=\"1920\" height=\"1280\" srcset=\"https:\/\/mttf.md\/wp-content\/uploads\/2026\/04\/684068060_122169463916878178_7610367371557423691_n.jpg 1920w, https:\/\/mttf.md\/wp-content\/uploads\/2026\/04\/684068060_122169463916878178_7610367371557423691_n-300x200.jpg 300w, https:\/\/mttf.md\/wp-content\/uploads\/2026\/04\/684068060_122169463916878178_7610367371557423691_n-1024x683.jpg 1024w, https:\/\/mttf.md\/wp-content\/uploads\/2026\/04\/684068060_122169463916878178_7610367371557423691_n-768x512.jpg 768w, https:\/\/mttf.md\/wp-content\/uploads\/2026\/04\/684068060_122169463916878178_7610367371557423691_n-1536x1024.jpg 1536w, https:\/\/mttf.md\/wp-content\/uploads\/2026\/04\/684068060_122169463916878178_7610367371557423691_n-750x500.jpg 750w, https:\/\/mttf.md\/wp-content\/uploads\/2026\/04\/684068060_122169463916878178_7610367371557423691_n-1140x760.jpg 1140w\" sizes=\"auto, (max-width: 1920px) 100vw, 1920px\" \/> <img loading=\"lazy\" decoding=\"async\" class=\"alignleft size-full wp-image-4044\" src=\"https:\/\/mttf.md\/wp-content\/uploads\/2026\/04\/683205318_122169463904878178_5595195734533504843_n.jpg\" alt=\"\" width=\"1920\" height=\"1280\" srcset=\"https:\/\/mttf.md\/wp-content\/uploads\/2026\/04\/683205318_122169463904878178_5595195734533504843_n.jpg 1920w, https:\/\/mttf.md\/wp-content\/uploads\/2026\/04\/683205318_122169463904878178_5595195734533504843_n-300x200.jpg 300w, https:\/\/mttf.md\/wp-content\/uploads\/2026\/04\/683205318_122169463904878178_5595195734533504843_n-1024x683.jpg 1024w, https:\/\/mttf.md\/wp-content\/uploads\/2026\/04\/683205318_122169463904878178_5595195734533504843_n-768x512.jpg 768w, https:\/\/mttf.md\/wp-content\/uploads\/2026\/04\/683205318_122169463904878178_5595195734533504843_n-1536x1024.jpg 1536w, https:\/\/mttf.md\/wp-content\/uploads\/2026\/04\/683205318_122169463904878178_5595195734533504843_n-750x500.jpg 750w, https:\/\/mttf.md\/wp-content\/uploads\/2026\/04\/683205318_122169463904878178_5595195734533504843_n-1140x760.jpg 1140w\" sizes=\"auto, (max-width: 1920px) 100vw, 1920px\" \/> <img loading=\"lazy\" decoding=\"async\" class=\"alignleft size-full wp-image-4043\" src=\"https:\/\/mttf.md\/wp-content\/uploads\/2026\/04\/681673790_122169463910878178_6800552734805972456_n.jpg\" alt=\"\" width=\"1920\" height=\"1280\" srcset=\"https:\/\/mttf.md\/wp-content\/uploads\/2026\/04\/681673790_122169463910878178_6800552734805972456_n.jpg 1920w, https:\/\/mttf.md\/wp-content\/uploads\/2026\/04\/681673790_122169463910878178_6800552734805972456_n-300x200.jpg 300w, https:\/\/mttf.md\/wp-content\/uploads\/2026\/04\/681673790_122169463910878178_6800552734805972456_n-1024x683.jpg 1024w, https:\/\/mttf.md\/wp-content\/uploads\/2026\/04\/681673790_122169463910878178_6800552734805972456_n-768x512.jpg 768w, https:\/\/mttf.md\/wp-content\/uploads\/2026\/04\/681673790_122169463910878178_6800552734805972456_n-1536x1024.jpg 1536w, https:\/\/mttf.md\/wp-content\/uploads\/2026\/04\/681673790_122169463910878178_6800552734805972456_n-750x500.jpg 750w, https:\/\/mttf.md\/wp-content\/uploads\/2026\/04\/681673790_122169463910878178_6800552734805972456_n-1140x760.jpg 1140w\" sizes=\"auto, (max-width: 1920px) 100vw, 1920px\" \/> <img loading=\"lazy\" decoding=\"async\" class=\"alignleft size-full wp-image-4042\" src=\"https:\/\/mttf.md\/wp-content\/uploads\/2026\/04\/681037004_122169464048878178_8557179807798059579_n.jpg\" alt=\"\" width=\"1920\" height=\"1280\" srcset=\"https:\/\/mttf.md\/wp-content\/uploads\/2026\/04\/681037004_122169464048878178_8557179807798059579_n.jpg 1920w, https:\/\/mttf.md\/wp-content\/uploads\/2026\/04\/681037004_122169464048878178_8557179807798059579_n-300x200.jpg 300w, https:\/\/mttf.md\/wp-content\/uploads\/2026\/04\/681037004_122169464048878178_8557179807798059579_n-1024x683.jpg 1024w, https:\/\/mttf.md\/wp-content\/uploads\/2026\/04\/681037004_122169464048878178_8557179807798059579_n-768x512.jpg 768w, https:\/\/mttf.md\/wp-content\/uploads\/2026\/04\/681037004_122169464048878178_8557179807798059579_n-1536x1024.jpg 1536w, https:\/\/mttf.md\/wp-content\/uploads\/2026\/04\/681037004_122169464048878178_8557179807798059579_n-750x500.jpg 750w, https:\/\/mttf.md\/wp-content\/uploads\/2026\/04\/681037004_122169464048878178_8557179807798059579_n-1140x760.jpg 1140w\" sizes=\"auto, (max-width: 1920px) 100vw, 1920px\" \/><\/div>\n<\/div>\n<p><\/p>\n<script>function PlayerjsAsync(){} if(window[\"Playerjs\"]){PlayerjsAsync();}<\/script>","protected":false},"excerpt":{"rendered":"<p>SENZA\u021aIE LA LONDRA! Debut de vis pentru echipa masculin\u0103 a Republicii Moldova la Campionatul Mondial 2026! Tricolorii no\u0219tri au ob\u021binut o VICTORIE IMPORTANT\u0102 \u00een fa\u021ba selec\u021bionatei din Chile, scor final 3-1, demonstr\u00e2nd \u00eenc\u0103 o dat\u0103 c\u0103 pentru Republica Moldova fiecare punct conteaz\u0103 \u0219i fiecare meci se joac\u0103 cu sufletul! Rezultatele meciurilor: Andrei Pu\u021buntic\u0103 \u2013 Gomez [&hellip;]<\/p>\n","protected":false},"author":1,"featured_media":4046,"comment_status":"closed","ping_status":"closed","sticky":false,"template":"","format":"standard","meta":{"footnotes":""},"categories":[47,1],"tags":[],"class_list":["post-4041","post","type-post","status-publish","format-standard","has-post-thumbnail","hentry","category-mezhdunarodnye-sorevnovaniya","category-news"],"yoast_head":"<!-- This site is optimized with the Yoast SEO plugin v25.0 - https:\/\/yoast.com\/wordpress\/plugins\/seo\/ -->\n<title>Debut de vis pentru echipa masculin\u0103 a Republicii Moldova la Campionatul Mondial 2026! - mttf<\/title>\n<meta name=\"robots\" content=\"index, follow, max-snippet:-1, max-image-preview:large, max-video-preview:-1\" \/>\n<link rel=\"canonical\" href=\"https:\/\/mttf.md\/prekrasnyj-debyut-muzhskoj-sbornoj-respubliki-moldova-na-chempionate-mira-2026-v-londone\/\" \/>\n<meta property=\"og:locale\" content=\"ro_RO\" \/>\n<meta property=\"og:type\" content=\"article\" \/>\n<meta property=\"og:title\" content=\"[:ru]\u041f\u0440\u0435\u043a\u0440\u0430\u0441\u043d\u044b\u0439 \u0434\u0435\u0431\u044e\u0442 \u043c\u0443\u0436\u0441\u043a\u043e\u0439 \u0441\u0431\u043e\u0440\u043d\u043e\u0439 \u0420\u0435\u0441\u043f\u0443\u0431\u043b\u0438\u043a\u0438 \u041c\u043e\u043b\u0434\u043e\u0432\u0430 \u043d\u0430 \u0427\u0435\u043c\u043f\u0438\u043e\u043d\u0430\u0442\u0435 \u041c\u0438\u0440\u0430 2026 \u0432 \u041b\u043e\u043d\u0434\u043e\u043d\u0435[:ro]Debut de vis pentru echipa masculin\u0103 a Republicii Moldova la Campionatul Mondial 2026![:] - mttf\" \/>\n<meta property=\"og:description\" content=\"SENZA\u021aIE LA LONDRA! Debut de vis pentru echipa masculin\u0103 a Republicii Moldova la Campionatul Mondial 2026! Tricolorii no\u0219tri au ob\u021binut o VICTORIE IMPORTANT\u0102 \u00een fa\u021ba selec\u021bionatei din Chile, scor final 3-1, demonstr\u00e2nd \u00eenc\u0103 o dat\u0103 c\u0103 pentru Republica Moldova fiecare punct conteaz\u0103 \u0219i fiecare meci se joac\u0103 cu sufletul! Rezultatele meciurilor: Andrei Pu\u021buntic\u0103 \u2013 Gomez [&hellip;]\" \/>\n<meta property=\"og:url\" content=\"https:\/\/mttf.md\/prekrasnyj-debyut-muzhskoj-sbornoj-respubliki-moldova-na-chempionate-mira-2026-v-londone\/\" \/>\n<meta property=\"og:site_name\" content=\"mttf\" \/>\n<meta property=\"article:published_time\" content=\"2026-04-29T09:32:28+00:00\" \/>\n<meta property=\"og:image\" content=\"https:\/\/mttf.md\/wp-content\/uploads\/2026\/04\/684148405_122169463826878178_331061943224446746_n.jpg\" \/>\n\t<meta property=\"og:image:width\" content=\"960\" \/>\n\t<meta property=\"og:image:height\" content=\"641\" \/>\n\t<meta property=\"og:image:type\" content=\"image\/jpeg\" \/>\n<meta name=\"author\" content=\"tadmin\" \/>\n<meta name=\"twitter:card\" content=\"summary_large_image\" \/>\n<meta name=\"twitter:label1\" content=\"Scris de\" \/>\n\t<meta name=\"twitter:data1\" content=\"tadmin\" \/>\n\t<meta name=\"twitter:label2\" content=\"Timp estimat pentru citire\" \/>\n\t<meta name=\"twitter:data2\" content=\"5 minute\" \/>\n<script type=\"application\/ld+json\" class=\"yoast-schema-graph\">{\"@context\":\"https:\/\/schema.org\",\"@graph\":[{\"@type\":\"Article\",\"@id\":\"https:\/\/mttf.md\/prekrasnyj-debyut-muzhskoj-sbornoj-respubliki-moldova-na-chempionate-mira-2026-v-londone\/#article\",\"isPartOf\":{\"@id\":\"https:\/\/mttf.md\/prekrasnyj-debyut-muzhskoj-sbornoj-respubliki-moldova-na-chempionate-mira-2026-v-londone\/\"},\"author\":{\"name\":\"tadmin\",\"@id\":\"https:\/\/mttf.md\/#\/schema\/person\/25cef32a675b1b248cc5f0318bd99e41\"},\"headline\":\"Debut de vis pentru echipa masculin\u0103 a Republicii Moldova la Campionatul Mondial 2026!\",\"datePublished\":\"2026-04-29T09:32:28+00:00\",\"mainEntityOfPage\":{\"@id\":\"https:\/\/mttf.md\/prekrasnyj-debyut-muzhskoj-sbornoj-respubliki-moldova-na-chempionate-mira-2026-v-londone\/\"},\"wordCount\":350,\"publisher\":{\"@id\":\"https:\/\/mttf.md\/#organization\"},\"image\":{\"@id\":\"https:\/\/mttf.md\/prekrasnyj-debyut-muzhskoj-sbornoj-respubliki-moldova-na-chempionate-mira-2026-v-londone\/#primaryimage\"},\"thumbnailUrl\":\"https:\/\/mttf.md\/wp-content\/uploads\/2026\/04\/684148405_122169463826878178_331061943224446746_n.jpg\",\"articleSection\":[\"\u041c\u0435\u0436\u0434\u0443\u043d\u0430\u0440\u043e\u0434\u043d\u044b\u0435 \u0441\u043e\u0440\u0435\u0432\u043d\u043e\u0432\u0430\u043d\u0438\u044f\",\"\u041d\u043e\u0432\u043e\u0441\u0442\u0438\"],\"inLanguage\":\"ro-RO\"},{\"@type\":\"WebPage\",\"@id\":\"https:\/\/mttf.md\/prekrasnyj-debyut-muzhskoj-sbornoj-respubliki-moldova-na-chempionate-mira-2026-v-londone\/\",\"url\":\"https:\/\/mttf.md\/prekrasnyj-debyut-muzhskoj-sbornoj-respubliki-moldova-na-chempionate-mira-2026-v-londone\/\",\"name\":\"[:ru]\u041f\u0440\u0435\u043a\u0440\u0430\u0441\u043d\u044b\u0439 \u0434\u0435\u0431\u044e\u0442 \u043c\u0443\u0436\u0441\u043a\u043e\u0439 \u0441\u0431\u043e\u0440\u043d\u043e\u0439 \u0420\u0435\u0441\u043f\u0443\u0431\u043b\u0438\u043a\u0438 \u041c\u043e\u043b\u0434\u043e\u0432\u0430 \u043d\u0430 \u0427\u0435\u043c\u043f\u0438\u043e\u043d\u0430\u0442\u0435 \u041c\u0438\u0440\u0430 2026 \u0432 \u041b\u043e\u043d\u0434\u043e\u043d\u0435[:ro]Debut de vis pentru echipa masculin\u0103 a Republicii Moldova la Campionatul Mondial 2026![:] - mttf\",\"isPartOf\":{\"@id\":\"https:\/\/mttf.md\/#website\"},\"primaryImageOfPage\":{\"@id\":\"https:\/\/mttf.md\/prekrasnyj-debyut-muzhskoj-sbornoj-respubliki-moldova-na-chempionate-mira-2026-v-londone\/#primaryimage\"},\"image\":{\"@id\":\"https:\/\/mttf.md\/prekrasnyj-debyut-muzhskoj-sbornoj-respubliki-moldova-na-chempionate-mira-2026-v-londone\/#primaryimage\"},\"thumbnailUrl\":\"https:\/\/mttf.md\/wp-content\/uploads\/2026\/04\/684148405_122169463826878178_331061943224446746_n.jpg\",\"datePublished\":\"2026-04-29T09:32:28+00:00\",\"breadcrumb\":{\"@id\":\"https:\/\/mttf.md\/prekrasnyj-debyut-muzhskoj-sbornoj-respubliki-moldova-na-chempionate-mira-2026-v-londone\/#breadcrumb\"},\"inLanguage\":\"ro-RO\",\"potentialAction\":[{\"@type\":\"ReadAction\",\"target\":[\"https:\/\/mttf.md\/prekrasnyj-debyut-muzhskoj-sbornoj-respubliki-moldova-na-chempionate-mira-2026-v-londone\/\"]}]},{\"@type\":\"ImageObject\",\"inLanguage\":\"ro-RO\",\"@id\":\"https:\/\/mttf.md\/prekrasnyj-debyut-muzhskoj-sbornoj-respubliki-moldova-na-chempionate-mira-2026-v-londone\/#primaryimage\",\"url\":\"https:\/\/mttf.md\/wp-content\/uploads\/2026\/04\/684148405_122169463826878178_331061943224446746_n.jpg\",\"contentUrl\":\"https:\/\/mttf.md\/wp-content\/uploads\/2026\/04\/684148405_122169463826878178_331061943224446746_n.jpg\",\"width\":960,\"height\":641},{\"@type\":\"BreadcrumbList\",\"@id\":\"https:\/\/mttf.md\/prekrasnyj-debyut-muzhskoj-sbornoj-respubliki-moldova-na-chempionate-mira-2026-v-londone\/#breadcrumb\",\"itemListElement\":[{\"@type\":\"ListItem\",\"position\":1,\"name\":\"Home\",\"item\":\"https:\/\/mttf.md\/\"},{\"@type\":\"ListItem\",\"position\":2,\"name\":\"\u041f\u0440\u0435\u043a\u0440\u0430\u0441\u043d\u044b\u0439 \u0434\u0435\u0431\u044e\u0442 \u043c\u0443\u0436\u0441\u043a\u043e\u0439 \u0441\u0431\u043e\u0440\u043d\u043e\u0439 \u0420\u0435\u0441\u043f\u0443\u0431\u043b\u0438\u043a\u0438 \u041c\u043e\u043b\u0434\u043e\u0432\u0430 \u043d\u0430 \u0427\u0435\u043c\u043f\u0438\u043e\u043d\u0430\u0442\u0435 \u041c\u0438\u0440\u0430 2026 \u0432 \u041b\u043e\u043d\u0434\u043e\u043d\u0435\"}]},{\"@type\":\"WebSite\",\"@id\":\"https:\/\/mttf.md\/#website\",\"url\":\"https:\/\/mttf.md\/\",\"name\":\"mttf\",\"description\":\"Federa\u021bia de tenis de mas\u0103 din Republica Moldova\",\"publisher\":{\"@id\":\"https:\/\/mttf.md\/#organization\"},\"potentialAction\":[{\"@type\":\"SearchAction\",\"target\":{\"@type\":\"EntryPoint\",\"urlTemplate\":\"https:\/\/mttf.md\/?s={search_term_string}\"},\"query-input\":{\"@type\":\"PropertyValueSpecification\",\"valueRequired\":true,\"valueName\":\"search_term_string\"}}],\"inLanguage\":\"ro-RO\"},{\"@type\":\"Organization\",\"@id\":\"https:\/\/mttf.md\/#organization\",\"name\":\"Federa\u021bia de Tenis de mas\u0103 din Republica Moldova\",\"url\":\"https:\/\/mttf.md\/\",\"logo\":{\"@type\":\"ImageObject\",\"inLanguage\":\"ro-RO\",\"@id\":\"https:\/\/mttf.md\/#\/schema\/logo\/image\/\",\"url\":\"https:\/\/mttf.md\/wp-content\/uploads\/2023\/12\/logo-mttf-1.png\",\"contentUrl\":\"https:\/\/mttf.md\/wp-content\/uploads\/2023\/12\/logo-mttf-1.png\",\"width\":130,\"height\":130,\"caption\":\"Federa\u021bia de Tenis de mas\u0103 din Republica Moldova\"},\"image\":{\"@id\":\"https:\/\/mttf.md\/#\/schema\/logo\/image\/\"}},{\"@type\":\"Person\",\"@id\":\"https:\/\/mttf.md\/#\/schema\/person\/25cef32a675b1b248cc5f0318bd99e41\",\"name\":\"tadmin\",\"image\":{\"@type\":\"ImageObject\",\"inLanguage\":\"ro-RO\",\"@id\":\"https:\/\/mttf.md\/#\/schema\/person\/image\/\",\"url\":\"https:\/\/secure.gravatar.com\/avatar\/2cca022474a7d9126fdd843366ddb5187235e74b54a3b8e95761a9dd50524737?s=96&d=mm&r=g\",\"contentUrl\":\"https:\/\/secure.gravatar.com\/avatar\/2cca022474a7d9126fdd843366ddb5187235e74b54a3b8e95761a9dd50524737?s=96&d=mm&r=g\",\"caption\":\"tadmin\"},\"url\":\"https:\/\/mttf.md\/ro\/author\/alexadmin\/\"}]}<\/script>\n<!-- \/ Yoast SEO plugin. -->","yoast_head_json":{"title":"[:ru]\u041f\u0440\u0435\u043a\u0440\u0430\u0441\u043d\u044b\u0439 \u0434\u0435\u0431\u044e\u0442 \u043c\u0443\u0436\u0441\u043a\u043e\u0439 \u0441\u0431\u043e\u0440\u043d\u043e\u0439 \u0420\u0435\u0441\u043f\u0443\u0431\u043b\u0438\u043a\u0438 \u041c\u043e\u043b\u0434\u043e\u0432\u0430 \u043d\u0430 \u0427\u0435\u043c\u043f\u0438\u043e\u043d\u0430\u0442\u0435 \u041c\u0438\u0440\u0430 2026 \u0432 \u041b\u043e\u043d\u0434\u043e\u043d\u0435[:ro]Debut de vis pentru echipa masculin\u0103 a Republicii Moldova la Campionatul Mondial 2026![:] - mttf","robots":{"index":"index","follow":"follow","max-snippet":"max-snippet:-1","max-image-preview":"max-image-preview:large","max-video-preview":"max-video-preview:-1"},"canonical":"https:\/\/mttf.md\/prekrasnyj-debyut-muzhskoj-sbornoj-respubliki-moldova-na-chempionate-mira-2026-v-londone\/","og_locale":"ro_RO","og_type":"article","og_title":"[:ru]\u041f\u0440\u0435\u043a\u0440\u0430\u0441\u043d\u044b\u0439 \u0434\u0435\u0431\u044e\u0442 \u043c\u0443\u0436\u0441\u043a\u043e\u0439 \u0441\u0431\u043e\u0440\u043d\u043e\u0439 \u0420\u0435\u0441\u043f\u0443\u0431\u043b\u0438\u043a\u0438 \u041c\u043e\u043b\u0434\u043e\u0432\u0430 \u043d\u0430 \u0427\u0435\u043c\u043f\u0438\u043e\u043d\u0430\u0442\u0435 \u041c\u0438\u0440\u0430 2026 \u0432 \u041b\u043e\u043d\u0434\u043e\u043d\u0435[:ro]Debut de vis pentru echipa masculin\u0103 a Republicii Moldova la Campionatul Mondial 2026![:] - mttf","og_description":"SENZA\u021aIE LA LONDRA! Debut de vis pentru echipa masculin\u0103 a Republicii Moldova la Campionatul Mondial 2026! Tricolorii no\u0219tri au ob\u021binut o VICTORIE IMPORTANT\u0102 \u00een fa\u021ba selec\u021bionatei din Chile, scor final 3-1, demonstr\u00e2nd \u00eenc\u0103 o dat\u0103 c\u0103 pentru Republica Moldova fiecare punct conteaz\u0103 \u0219i fiecare meci se joac\u0103 cu sufletul! Rezultatele meciurilor: Andrei Pu\u021buntic\u0103 \u2013 Gomez [&hellip;]","og_url":"https:\/\/mttf.md\/prekrasnyj-debyut-muzhskoj-sbornoj-respubliki-moldova-na-chempionate-mira-2026-v-londone\/","og_site_name":"mttf","article_published_time":"2026-04-29T09:32:28+00:00","og_image":[{"width":960,"height":641,"url":"https:\/\/mttf.md\/wp-content\/uploads\/2026\/04\/684148405_122169463826878178_331061943224446746_n.jpg","type":"image\/jpeg"}],"author":"tadmin","twitter_card":"summary_large_image","twitter_misc":{"Scris de":"tadmin","Timp estimat pentru citire":"5 minute"},"schema":{"@context":"https:\/\/schema.org","@graph":[{"@type":"Article","@id":"https:\/\/mttf.md\/prekrasnyj-debyut-muzhskoj-sbornoj-respubliki-moldova-na-chempionate-mira-2026-v-londone\/#article","isPartOf":{"@id":"https:\/\/mttf.md\/prekrasnyj-debyut-muzhskoj-sbornoj-respubliki-moldova-na-chempionate-mira-2026-v-londone\/"},"author":{"name":"tadmin","@id":"https:\/\/mttf.md\/#\/schema\/person\/25cef32a675b1b248cc5f0318bd99e41"},"headline":"Debut de vis pentru echipa masculin\u0103 a Republicii Moldova la Campionatul Mondial 2026!","datePublished":"2026-04-29T09:32:28+00:00","mainEntityOfPage":{"@id":"https:\/\/mttf.md\/prekrasnyj-debyut-muzhskoj-sbornoj-respubliki-moldova-na-chempionate-mira-2026-v-londone\/"},"wordCount":350,"publisher":{"@id":"https:\/\/mttf.md\/#organization"},"image":{"@id":"https:\/\/mttf.md\/prekrasnyj-debyut-muzhskoj-sbornoj-respubliki-moldova-na-chempionate-mira-2026-v-londone\/#primaryimage"},"thumbnailUrl":"https:\/\/mttf.md\/wp-content\/uploads\/2026\/04\/684148405_122169463826878178_331061943224446746_n.jpg","articleSection":["\u041c\u0435\u0436\u0434\u0443\u043d\u0430\u0440\u043e\u0434\u043d\u044b\u0435 \u0441\u043e\u0440\u0435\u0432\u043d\u043e\u0432\u0430\u043d\u0438\u044f","\u041d\u043e\u0432\u043e\u0441\u0442\u0438"],"inLanguage":"ro-RO"},{"@type":"WebPage","@id":"https:\/\/mttf.md\/prekrasnyj-debyut-muzhskoj-sbornoj-respubliki-moldova-na-chempionate-mira-2026-v-londone\/","url":"https:\/\/mttf.md\/prekrasnyj-debyut-muzhskoj-sbornoj-respubliki-moldova-na-chempionate-mira-2026-v-londone\/","name":"[:ru]\u041f\u0440\u0435\u043a\u0440\u0430\u0441\u043d\u044b\u0439 \u0434\u0435\u0431\u044e\u0442 \u043c\u0443\u0436\u0441\u043a\u043e\u0439 \u0441\u0431\u043e\u0440\u043d\u043e\u0439 \u0420\u0435\u0441\u043f\u0443\u0431\u043b\u0438\u043a\u0438 \u041c\u043e\u043b\u0434\u043e\u0432\u0430 \u043d\u0430 \u0427\u0435\u043c\u043f\u0438\u043e\u043d\u0430\u0442\u0435 \u041c\u0438\u0440\u0430 2026 \u0432 \u041b\u043e\u043d\u0434\u043e\u043d\u0435[:ro]Debut de vis pentru echipa masculin\u0103 a Republicii Moldova la Campionatul Mondial 2026![:] - mttf","isPartOf":{"@id":"https:\/\/mttf.md\/#website"},"primaryImageOfPage":{"@id":"https:\/\/mttf.md\/prekrasnyj-debyut-muzhskoj-sbornoj-respubliki-moldova-na-chempionate-mira-2026-v-londone\/#primaryimage"},"image":{"@id":"https:\/\/mttf.md\/prekrasnyj-debyut-muzhskoj-sbornoj-respubliki-moldova-na-chempionate-mira-2026-v-londone\/#primaryimage"},"thumbnailUrl":"https:\/\/mttf.md\/wp-content\/uploads\/2026\/04\/684148405_122169463826878178_331061943224446746_n.jpg","datePublished":"2026-04-29T09:32:28+00:00","breadcrumb":{"@id":"https:\/\/mttf.md\/prekrasnyj-debyut-muzhskoj-sbornoj-respubliki-moldova-na-chempionate-mira-2026-v-londone\/#breadcrumb"},"inLanguage":"ro-RO","potentialAction":[{"@type":"ReadAction","target":["https:\/\/mttf.md\/prekrasnyj-debyut-muzhskoj-sbornoj-respubliki-moldova-na-chempionate-mira-2026-v-londone\/"]}]},{"@type":"ImageObject","inLanguage":"ro-RO","@id":"https:\/\/mttf.md\/prekrasnyj-debyut-muzhskoj-sbornoj-respubliki-moldova-na-chempionate-mira-2026-v-londone\/#primaryimage","url":"https:\/\/mttf.md\/wp-content\/uploads\/2026\/04\/684148405_122169463826878178_331061943224446746_n.jpg","contentUrl":"https:\/\/mttf.md\/wp-content\/uploads\/2026\/04\/684148405_122169463826878178_331061943224446746_n.jpg","width":960,"height":641},{"@type":"BreadcrumbList","@id":"https:\/\/mttf.md\/prekrasnyj-debyut-muzhskoj-sbornoj-respubliki-moldova-na-chempionate-mira-2026-v-londone\/#breadcrumb","itemListElement":[{"@type":"ListItem","position":1,"name":"Home","item":"https:\/\/mttf.md\/"},{"@type":"ListItem","position":2,"name":"\u041f\u0440\u0435\u043a\u0440\u0430\u0441\u043d\u044b\u0439 \u0434\u0435\u0431\u044e\u0442 \u043c\u0443\u0436\u0441\u043a\u043e\u0439 \u0441\u0431\u043e\u0440\u043d\u043e\u0439 \u0420\u0435\u0441\u043f\u0443\u0431\u043b\u0438\u043a\u0438 \u041c\u043e\u043b\u0434\u043e\u0432\u0430 \u043d\u0430 \u0427\u0435\u043c\u043f\u0438\u043e\u043d\u0430\u0442\u0435 \u041c\u0438\u0440\u0430 2026 \u0432 \u041b\u043e\u043d\u0434\u043e\u043d\u0435"}]},{"@type":"WebSite","@id":"https:\/\/mttf.md\/#website","url":"https:\/\/mttf.md\/","name":"mttf","description":"Federa\u021bia de tenis de mas\u0103 din Republica Moldova","publisher":{"@id":"https:\/\/mttf.md\/#organization"},"potentialAction":[{"@type":"SearchAction","target":{"@type":"EntryPoint","urlTemplate":"https:\/\/mttf.md\/?s={search_term_string}"},"query-input":{"@type":"PropertyValueSpecification","valueRequired":true,"valueName":"search_term_string"}}],"inLanguage":"ro-RO"},{"@type":"Organization","@id":"https:\/\/mttf.md\/#organization","name":"Federa\u021bia de Tenis de mas\u0103 din Republica Moldova","url":"https:\/\/mttf.md\/","logo":{"@type":"ImageObject","inLanguage":"ro-RO","@id":"https:\/\/mttf.md\/#\/schema\/logo\/image\/","url":"https:\/\/mttf.md\/wp-content\/uploads\/2023\/12\/logo-mttf-1.png","contentUrl":"https:\/\/mttf.md\/wp-content\/uploads\/2023\/12\/logo-mttf-1.png","width":130,"height":130,"caption":"Federa\u021bia de Tenis de mas\u0103 din Republica Moldova"},"image":{"@id":"https:\/\/mttf.md\/#\/schema\/logo\/image\/"}},{"@type":"Person","@id":"https:\/\/mttf.md\/#\/schema\/person\/25cef32a675b1b248cc5f0318bd99e41","name":"tadmin","image":{"@type":"ImageObject","inLanguage":"ro-RO","@id":"https:\/\/mttf.md\/#\/schema\/person\/image\/","url":"https:\/\/secure.gravatar.com\/avatar\/2cca022474a7d9126fdd843366ddb5187235e74b54a3b8e95761a9dd50524737?s=96&d=mm&r=g","contentUrl":"https:\/\/secure.gravatar.com\/avatar\/2cca022474a7d9126fdd843366ddb5187235e74b54a3b8e95761a9dd50524737?s=96&d=mm&r=g","caption":"tadmin"},"url":"https:\/\/mttf.md\/ro\/author\/alexadmin\/"}]}},"_links":{"self":[{"href":"https:\/\/mttf.md\/ro\/wp-json\/wp\/v2\/posts\/4041","targetHints":{"allow":["GET"]}}],"collection":[{"href":"https:\/\/mttf.md\/ro\/wp-json\/wp\/v2\/posts"}],"about":[{"href":"https:\/\/mttf.md\/ro\/wp-json\/wp\/v2\/types\/post"}],"author":[{"embeddable":true,"href":"https:\/\/mttf.md\/ro\/wp-json\/wp\/v2\/users\/1"}],"replies":[{"embeddable":true,"href":"https:\/\/mttf.md\/ro\/wp-json\/wp\/v2\/comments?post=4041"}],"version-history":[{"count":1,"href":"https:\/\/mttf.md\/ro\/wp-json\/wp\/v2\/posts\/4041\/revisions"}],"predecessor-version":[{"id":4050,"href":"https:\/\/mttf.md\/ro\/wp-json\/wp\/v2\/posts\/4041\/revisions\/4050"}],"wp:featuredmedia":[{"embeddable":true,"href":"https:\/\/mttf.md\/ro\/wp-json\/wp\/v2\/media\/4046"}],"wp:attachment":[{"href":"https:\/\/mttf.md\/ro\/wp-json\/wp\/v2\/media?parent=4041"}],"wp:term":[{"taxonomy":"category","embeddable":true,"href":"https:\/\/mttf.md\/ro\/wp-json\/wp\/v2\/categories?post=4041"},{"taxonomy":"post_tag","embeddable":true,"href":"https:\/\/mttf.md\/ro\/wp-json\/wp\/v2\/tags?post=4041"}],"curies":[{"name":"wp","href":"https:\/\/api.w.org\/{rel}","templated":true}]}}